{"id":16736,"date":"2017-03-31T18:32:00","date_gmt":"2017-03-31T21:32:00","guid":{"rendered":"https:\/\/eldiariodesanpedro.com.ar\/sitio\/?p=16736"},"modified":"2017-03-31T18:32:00","modified_gmt":"2017-03-31T21:32:00","slug":"recuperan-moto-robada-en-2016-en-un-hecho-de-robo-agravado","status":"publish","type":"post","link":"https:\/\/eldiariodesanpedro.com.ar\/sitio\/recuperan-moto-robada-en-2016-en-un-hecho-de-robo-agravado\/","title":{"rendered":"Recuperan moto robada en 2016 en un hecho de robo agravado"},"content":{"rendered":"<p><!-- VideographyWP Plugin Message: Automatic video embedding prevented by plugin options. --><br \/>\nEl d\u00eda jueves personal policial de la comisaria en conjunto con polic\u00eda local en la intersecci\u00f3n de las calles Mitre y Chacabuco se procedi\u00f3 a la identificaci\u00f3n de una mujer de 26 a\u00f1os de edad y un joven de 14 a\u00f1os de edad que circulaban en una motocicleta tipo 110 cc que al constatar numero de chasis y motor se pudo establecer que presentaba pedido de secuestro activo con fecha 14 de noviembre de 2016 en un hecho caratulado robo agravado por efracci\u00f3n con intervenci\u00f3n de la UFI N\u00ba 7 resultando como damnifica una mujer mayor de edad. <\/p>\n<p>Se procedi\u00f3 a la aprehensi\u00f3n de ambas personas y traslad\u00e1ndolos a la seccional policial donde luego sel menor fue entregado a sus progenitores y la mujer dejada en libertad por su parte el rodado permaneci\u00f3 secuestrado en la dependencia. <\/p>\n","protected":false},"excerpt":{"rendered":"<p>El d\u00eda jueves personal policial de la comisaria en conjunto con polic\u00eda local en la intersecci\u00f3n de las calles Mitre y Chacabuco se procedi\u00f3 a la identificaci\u00f3n de una mujer de 26 a\u00f1os de edad y un joven de 14 a\u00f1os de edad que circulaban en una motocicleta tipo 110 cc que al constatar numero [&hellip;]<\/p>\n","protected":false},"author":4,"featured_media":3029,"comment_status":"open","ping_status":"closed","sticky":false,"template":"","format":"standard","meta":{"om_disable_all_campaigns":false,"_jetpack_memberships_contains_paid_content":false,"footnotes":""},"categories":[2,103],"tags":[],"class_list":["post-16736","post","type-post","status-publish","format-standard","has-post-thumbnail","hentry","category-locales","category-policiales-locales"],"aioseo_notices":[],"gutentor_comment":0,"jetpack_featured_media_url":"https:\/\/eldiariodesanpedro.com.ar\/sitio\/wp-content\/uploads\/2016\/04\/moto-patrullero.jpg","jetpack_shortlink":"https:\/\/wp.me\/p6RhLt-4lW","jetpack_sharing_enabled":true,"_links":{"self":[{"href":"https:\/\/eldiariodesanpedro.com.ar\/sitio\/wp-json\/wp\/v2\/posts\/16736","targetHints":{"allow":["GET"]}}],"collection":[{"href":"https:\/\/eldiariodesanpedro.com.ar\/sitio\/wp-json\/wp\/v2\/posts"}],"about":[{"href":"https:\/\/eldiariodesanpedro.com.ar\/sitio\/wp-json\/wp\/v2\/types\/post"}],"author":[{"embeddable":true,"href":"https:\/\/eldiariodesanpedro.com.ar\/sitio\/wp-json\/wp\/v2\/users\/4"}],"replies":[{"embeddable":true,"href":"https:\/\/eldiariodesanpedro.com.ar\/sitio\/wp-json\/wp\/v2\/comments?post=16736"}],"version-history":[{"count":1,"href":"https:\/\/eldiariodesanpedro.com.ar\/sitio\/wp-json\/wp\/v2\/posts\/16736\/revisions"}],"predecessor-version":[{"id":16737,"href":"https:\/\/eldiariodesanpedro.com.ar\/sitio\/wp-json\/wp\/v2\/posts\/16736\/revisions\/16737"}],"wp:featuredmedia":[{"embeddable":true,"href":"https:\/\/eldiariodesanpedro.com.ar\/sitio\/wp-json\/wp\/v2\/media\/3029"}],"wp:attachment":[{"href":"https:\/\/eldiariodesanpedro.com.ar\/sitio\/wp-json\/wp\/v2\/media?parent=16736"}],"wp:term":[{"taxonomy":"category","embeddable":true,"href":"https:\/\/eldiariodesanpedro.com.ar\/sitio\/wp-json\/wp\/v2\/categories?post=16736"},{"taxonomy":"post_tag","embeddable":true,"href":"https:\/\/eldiariodesanpedro.com.ar\/sitio\/wp-json\/wp\/v2\/tags?post=16736"}],"curies":[{"name":"wp","href":"https:\/\/api.w.org\/{rel}","templated":true}]}}