{"id":16732,"date":"2017-03-31T18:11:29","date_gmt":"2017-03-31T21:11:29","guid":{"rendered":"https:\/\/eldiariodesanpedro.com.ar\/sitio\/?p=16732"},"modified":"2017-03-31T18:11:29","modified_gmt":"2017-03-31T21:11:29","slug":"robaron-dinero-de-una-caja-fuerte-de-la-empresa-imprec","status":"publish","type":"post","link":"https:\/\/eldiariodesanpedro.com.ar\/sitio\/robaron-dinero-de-una-caja-fuerte-de-la-empresa-imprec\/","title":{"rendered":"Robaron dinero de una caja fuerte de la empresa IMPREC"},"content":{"rendered":"<p><!-- VideographyWP Plugin Message: Automatic video embedding prevented by plugin options. --><br \/>\nEl hecho se produjo cerca de las 23:00 hs. del jueves en la f\u00e1brica de pre moldeados de cemento que se encuentra en Ruta 1001 y calle Noceda.<\/p>\n<p>Al lugar ingresaron cinco sujetos con armas, con el rostro cubierto y con guantes, tras reducir al sereno y la familia que viv\u00eda detr\u00e1s del lugar, sustrajeron una suma de dinero que rondar\u00eda los $40000, el mismo se hallaba en un caja fuerte, la que fue destruida para poder hacerse del efectivo. Los malvivientes que a pesar de ser filmados por las c\u00e1maras de seguridad no se los pudo identificar hasta el momento ya que llevaban el rostro cubierto y guantes en las manos.<\/p>\n<p>Una de las personas que reside en ese lugar, una mujer, sostuvo a trav\u00e9s de \u201cLa Radio 92.3\u201d: \u201cSiento un ruido me levanto, abro la puerta y hab\u00eda un encapuchado. Me dijo que estaba todo bien. Ingresaron dentro de la casa nos ataron y desde las 11 hasta casi de las 4 hs que se fueron estuvimos encerrados\u201d.<\/p>\n<p>Interviene la UFI N\u00ba 11 qu\u00e9 caratul\u00f3 el hecho como Robo Calificado.<\/p>\n","protected":false},"excerpt":{"rendered":"<p>El hecho se produjo cerca de las 23:00 hs. del jueves en la f\u00e1brica de pre moldeados de cemento que se encuentra en Ruta 1001 y calle Noceda. Al lugar ingresaron cinco sujetos con armas, con el rostro cubierto y con guantes, tras reducir al sereno y la familia que viv\u00eda detr\u00e1s del lugar, sustrajeron [&hellip;]<\/p>\n","protected":false},"author":4,"featured_media":16733,"comment_status":"open","ping_status":"closed","sticky":false,"template":"","format":"standard","meta":{"om_disable_all_campaigns":false,"_jetpack_memberships_contains_paid_content":false,"footnotes":""},"categories":[50,2,103],"tags":[],"class_list":["post-16732","post","type-post","status-publish","format-standard","has-post-thumbnail","hentry","category-destacadas","category-locales","category-policiales-locales"],"aioseo_notices":[],"gutentor_comment":0,"jetpack_featured_media_url":"https:\/\/eldiariodesanpedro.com.ar\/sitio\/wp-content\/uploads\/2017\/03\/IMPREC-e1490994443495.jpg","jetpack_shortlink":"https:\/\/wp.me\/p6RhLt-4lS","jetpack_sharing_enabled":true,"_links":{"self":[{"href":"https:\/\/eldiariodesanpedro.com.ar\/sitio\/wp-json\/wp\/v2\/posts\/16732","targetHints":{"allow":["GET"]}}],"collection":[{"href":"https:\/\/eldiariodesanpedro.com.ar\/sitio\/wp-json\/wp\/v2\/posts"}],"about":[{"href":"https:\/\/eldiariodesanpedro.com.ar\/sitio\/wp-json\/wp\/v2\/types\/post"}],"author":[{"embeddable":true,"href":"https:\/\/eldiariodesanpedro.com.ar\/sitio\/wp-json\/wp\/v2\/users\/4"}],"replies":[{"embeddable":true,"href":"https:\/\/eldiariodesanpedro.com.ar\/sitio\/wp-json\/wp\/v2\/comments?post=16732"}],"version-history":[{"count":1,"href":"https:\/\/eldiariodesanpedro.com.ar\/sitio\/wp-json\/wp\/v2\/posts\/16732\/revisions"}],"predecessor-version":[{"id":16734,"href":"https:\/\/eldiariodesanpedro.com.ar\/sitio\/wp-json\/wp\/v2\/posts\/16732\/revisions\/16734"}],"wp:featuredmedia":[{"embeddable":true,"href":"https:\/\/eldiariodesanpedro.com.ar\/sitio\/wp-json\/wp\/v2\/media\/16733"}],"wp:attachment":[{"href":"https:\/\/eldiariodesanpedro.com.ar\/sitio\/wp-json\/wp\/v2\/media?parent=16732"}],"wp:term":[{"taxonomy":"category","embeddable":true,"href":"https:\/\/eldiariodesanpedro.com.ar\/sitio\/wp-json\/wp\/v2\/categories?post=16732"},{"taxonomy":"post_tag","embeddable":true,"href":"https:\/\/eldiariodesanpedro.com.ar\/sitio\/wp-json\/wp\/v2\/tags?post=16732"}],"curies":[{"name":"wp","href":"https:\/\/api.w.org\/{rel}","templated":true}]}}