{"id":16721,"date":"2017-03-31T11:58:28","date_gmt":"2017-03-31T14:58:28","guid":{"rendered":"https:\/\/eldiariodesanpedro.com.ar\/sitio\/?p=16721"},"modified":"2017-03-31T11:58:28","modified_gmt":"2017-03-31T14:58:28","slug":"encuentro-de-intendentes-de-la-provincia-de-buenos-aires-pertenecientes-a-cambiemos","status":"publish","type":"post","link":"https:\/\/eldiariodesanpedro.com.ar\/sitio\/encuentro-de-intendentes-de-la-provincia-de-buenos-aires-pertenecientes-a-cambiemos\/","title":{"rendered":"Encuentro de intendentes de la provincia de Buenos Aires pertenecientes a Cambiemos"},"content":{"rendered":"<p><!-- VideographyWP Plugin Message: Automatic video embedding prevented by plugin options. --><br \/>\nEsta ma\u00f1ana se lleva a cabo el encuentro de intendentes de la provincia de Buenos Aires pertenecientes a Cambiemos, con la presencia del jefe del Gabinete Nacional Marcos Pe\u00f1a quien encabeza la reuni\u00f3n con el fin de ver como continuar con el posicionamiento de esta fuerza en la provincia de cara a las elecciones legislativas de este a\u00f1o.<\/p>\n<p>Alrededor de las 10:00 hs comenzaron a llegar los jefes comunales al hotel Howard Jhonson Marinas ubicado sobre la Av. Espa\u00f1a en la zona de costanera, donde se esperaba recibir a 50 intendentes. <\/p>\n<p>El listado de jefe comunales que fueron confirmados est\u00e1n Cecilio Salazar como anfitri\u00f3n del evento, Miguel Fern\u00e1ndez (Trenque Lauquen); V\u00edctor Aiola (Chacabuco); Juli\u00e1n Reynoso (Rivadavia); Pablo Petrecca (Jun\u00edn); Esteban Reino (Balcarce); Osvaldo Din\u00e1poli (General Belgrano); Camilo Etchevarren (Dolores); Ram\u00f3n Canosa (Las Flores); Pablo Zubiaurre (Ayacucho); Carlos Ronda (Mar Chiquita); Mat\u00edas Rapallini (Maip\u00fa); y Miguel Gargaglione (San Cayetano); Mart\u00edn Yeza (Pinamar); David Hirts (Adolfo Alsina); Guillermo Pacheco (Pellegrini); Jorge Hern\u00e1ndez (Salliquel\u00f3); Carlos Berterret (Coronel Pringles); Jos\u00e9 Zara (Patagones); Alejandro Celillo (General Alvear); Jos\u00e9 Luis Salom\u00f3n (Saladillo); Jorge Nedela (Berisso); Jorge Etcheverry (Lobos); Mauricio G\u00f3mez (San Vicente); N\u00e9stor Grindetti (Lan\u00fas); H\u00e9ctor Gatica (Bragado); Eduardo Campana (General Villegas); Ra\u00fal Sala (Carlos Tejedor) y Alejandro Federico (Suipacha); Jorge Macri (Vicente L\u00f3pez); Dar\u00edo Kubar (General Rodr\u00edguez); Oscar Luciani (Luj\u00e1n); Javier Olaeta (Arrecifes); Claudio Rossi (Rojas); Fernanda Antonijvic (Baradero); Diego Valenzuela (3 de Febrero); Roberto Palacio (Coronel Su\u00e1rez); Ramiro Tagliaferro (Mor\u00f3n); Javier Mart\u00ednez (Pergamino).<\/p>\n","protected":false},"excerpt":{"rendered":"<p>Esta ma\u00f1ana se lleva a cabo el encuentro de intendentes de la provincia de Buenos Aires pertenecientes a Cambiemos, con la presencia del jefe del Gabinete Nacional Marcos Pe\u00f1a quien encabeza la reuni\u00f3n con el fin de ver como continuar con el posicionamiento de esta fuerza en la provincia de cara a las elecciones legislativas [&hellip;]<\/p>\n","protected":false},"author":4,"featured_media":16722,"comment_status":"open","ping_status":"closed","sticky":false,"template":"","format":"standard","meta":{"om_disable_all_campaigns":false,"_jetpack_memberships_contains_paid_content":false,"footnotes":""},"categories":[50,101,2],"tags":[],"class_list":["post-16721","post","type-post","status-publish","format-standard","has-post-thumbnail","hentry","category-destacadas","category-interes-general-locales","category-locales"],"aioseo_notices":[],"gutentor_comment":0,"jetpack_featured_media_url":"https:\/\/eldiariodesanpedro.com.ar\/sitio\/wp-content\/uploads\/2017\/03\/DSC_0045-e1490972280444.jpg","jetpack_shortlink":"https:\/\/wp.me\/p6RhLt-4lH","jetpack_sharing_enabled":true,"_links":{"self":[{"href":"https:\/\/eldiariodesanpedro.com.ar\/sitio\/wp-json\/wp\/v2\/posts\/16721","targetHints":{"allow":["GET"]}}],"collection":[{"href":"https:\/\/eldiariodesanpedro.com.ar\/sitio\/wp-json\/wp\/v2\/posts"}],"about":[{"href":"https:\/\/eldiariodesanpedro.com.ar\/sitio\/wp-json\/wp\/v2\/types\/post"}],"author":[{"embeddable":true,"href":"https:\/\/eldiariodesanpedro.com.ar\/sitio\/wp-json\/wp\/v2\/users\/4"}],"replies":[{"embeddable":true,"href":"https:\/\/eldiariodesanpedro.com.ar\/sitio\/wp-json\/wp\/v2\/comments?post=16721"}],"version-history":[{"count":1,"href":"https:\/\/eldiariodesanpedro.com.ar\/sitio\/wp-json\/wp\/v2\/posts\/16721\/revisions"}],"predecessor-version":[{"id":16723,"href":"https:\/\/eldiariodesanpedro.com.ar\/sitio\/wp-json\/wp\/v2\/posts\/16721\/revisions\/16723"}],"wp:featuredmedia":[{"embeddable":true,"href":"https:\/\/eldiariodesanpedro.com.ar\/sitio\/wp-json\/wp\/v2\/media\/16722"}],"wp:attachment":[{"href":"https:\/\/eldiariodesanpedro.com.ar\/sitio\/wp-json\/wp\/v2\/media?parent=16721"}],"wp:term":[{"taxonomy":"category","embeddable":true,"href":"https:\/\/eldiariodesanpedro.com.ar\/sitio\/wp-json\/wp\/v2\/categories?post=16721"},{"taxonomy":"post_tag","embeddable":true,"href":"https:\/\/eldiariodesanpedro.com.ar\/sitio\/wp-json\/wp\/v2\/tags?post=16721"}],"curies":[{"name":"wp","href":"https:\/\/api.w.org\/{rel}","templated":true}]}}