{"id":16718,"date":"2017-03-30T21:17:11","date_gmt":"2017-03-31T00:17:11","guid":{"rendered":"https:\/\/eldiariodesanpedro.com.ar\/sitio\/?p=16718"},"modified":"2026-01-24T00:26:47","modified_gmt":"2026-01-24T03:26:47","slug":"charla-sobre-nutricion-manana-por-la-noche-en-pescadores","status":"publish","type":"post","link":"https:\/\/eldiariodesanpedro.com.ar\/sitio\/charla-sobre-nutricion-manana-por-la-noche-en-pescadores\/","title":{"rendered":"CHARLA SOBRE NUTRICI\u00d3N: Ma\u00f1ana por la noche en Pescadores"},"content":{"rendered":"<p><!-- VideographyWP Plugin Message: Automatic video embedding prevented by plugin options. --><br \/>\nMa\u00f1ana a las 20 hs. se llevar\u00e1 a cabo la 1\u00b0 jornada de una charla sobre Nutrici\u00f3n a cargo de la Lic. Melina Laiz, a realizarse en el Sal\u00f3n Social, destinada a nadadores y remeros desde los 11 a\u00f1os en adelante (acompa\u00f1ados por un mayor). <\/p>\n<p>  Para mayor informaci\u00f3n, est\u00e1 dispuesta la l\u00ednea 3329-469810, donde podr\u00e1n realizar las consultas necesarias.<\/p>\n","protected":false},"excerpt":{"rendered":"<p>Ma\u00f1ana a las 20 hs. se llevar\u00e1 a cabo la 1\u00b0 jornada de una charla sobre Nutrici\u00f3n a cargo de la Lic. Melina Laiz, a realizarse en el Sal\u00f3n Social, destinada a nadadores y remeros desde los 11 a\u00f1os en adelante (acompa\u00f1ados por un mayor). Para mayor informaci\u00f3n, est\u00e1 dispuesta la l\u00ednea 3329-469810, donde podr\u00e1n [&hellip;]<\/p>\n","protected":false},"author":4,"featured_media":10752,"comment_status":"open","ping_status":"closed","sticky":false,"template":"","format":"standard","meta":{"om_disable_all_campaigns":false,"_jetpack_memberships_contains_paid_content":false,"footnotes":""},"categories":[5],"tags":[],"class_list":["post-16718","post","type-post","status-publish","format-standard","has-post-thumbnail","hentry","category-deportes"],"aioseo_notices":[],"gutentor_comment":0,"jetpack_featured_media_url":"https:\/\/eldiariodesanpedro.com.ar\/sitio\/wp-content\/uploads\/2016\/11\/logo-pescadores.jpg","jetpack_shortlink":"https:\/\/wp.me\/p6RhLt-4lE","jetpack_sharing_enabled":true,"_links":{"self":[{"href":"https:\/\/eldiariodesanpedro.com.ar\/sitio\/wp-json\/wp\/v2\/posts\/16718","targetHints":{"allow":["GET"]}}],"collection":[{"href":"https:\/\/eldiariodesanpedro.com.ar\/sitio\/wp-json\/wp\/v2\/posts"}],"about":[{"href":"https:\/\/eldiariodesanpedro.com.ar\/sitio\/wp-json\/wp\/v2\/types\/post"}],"author":[{"embeddable":true,"href":"https:\/\/eldiariodesanpedro.com.ar\/sitio\/wp-json\/wp\/v2\/users\/4"}],"replies":[{"embeddable":true,"href":"https:\/\/eldiariodesanpedro.com.ar\/sitio\/wp-json\/wp\/v2\/comments?post=16718"}],"version-history":[{"count":1,"href":"https:\/\/eldiariodesanpedro.com.ar\/sitio\/wp-json\/wp\/v2\/posts\/16718\/revisions"}],"predecessor-version":[{"id":16719,"href":"https:\/\/eldiariodesanpedro.com.ar\/sitio\/wp-json\/wp\/v2\/posts\/16718\/revisions\/16719"}],"wp:featuredmedia":[{"embeddable":true,"href":"https:\/\/eldiariodesanpedro.com.ar\/sitio\/wp-json\/wp\/v2\/media\/10752"}],"wp:attachment":[{"href":"https:\/\/eldiariodesanpedro.com.ar\/sitio\/wp-json\/wp\/v2\/media?parent=16718"}],"wp:term":[{"taxonomy":"category","embeddable":true,"href":"https:\/\/eldiariodesanpedro.com.ar\/sitio\/wp-json\/wp\/v2\/categories?post=16718"},{"taxonomy":"post_tag","embeddable":true,"href":"https:\/\/eldiariodesanpedro.com.ar\/sitio\/wp-json\/wp\/v2\/tags?post=16718"}],"curies":[{"name":"wp","href":"https:\/\/api.w.org\/{rel}","templated":true}]}}