{"id":16716,"date":"2017-03-30T21:04:04","date_gmt":"2017-03-31T00:04:04","guid":{"rendered":"https:\/\/eldiariodesanpedro.com.ar\/sitio\/?p=16716"},"modified":"2026-01-24T00:26:47","modified_gmt":"2026-01-24T03:26:47","slug":"federal-a-y-c-defensores-logro-puntos-para-seguir-en-carrera-y-somisa-saco-ventajas-en-el-partido-de-ida","status":"publish","type":"post","link":"https:\/\/eldiariodesanpedro.com.ar\/sitio\/federal-a-y-c-defensores-logro-puntos-para-seguir-en-carrera-y-somisa-saco-ventajas-en-el-partido-de-ida\/","title":{"rendered":"FEDERAL A Y C: Defensores logr\u00f3 puntos para seguir en carrera y SOMISA sac\u00f3 ventajas en el partido de ida"},"content":{"rendered":"<p><!-- VideographyWP Plugin Message: Automatic video embedding prevented by plugin options. --><br \/>\n<strong>FEDERAL A<\/strong><br \/>\n  Defensores derrot\u00f3 1 a 0 a Cipolletti por la tercera fecha del Nonagonal B, del Torneo Federal A. Los granates ten\u00edan que ganar este partido para seguir con chances de clasificar. Ten\u00edan s\u00f3lo un punto y en la pr\u00f3xima fecha quedan libres.  <\/p>\n<p>  Defensores (1): Juan. I. Dobboletta, Jorge Zules Caicedo, Diego Mondino, Leonardo Mignaco, Juan M. Capurro, Mat\u00edas Caro, Rodrigo Freites, Juan C. Cartechini, Franco Coronel, David Ram\u00edrez, Mat\u00edas Nouet. DT: H\u00e9ctor Storti.<\/p>\n<p>  Cipolletti (0): Ricardo Alasia, Gast\u00f3n Valente, C\u00e9sar Medina, Marcos Lamolla, Nelson Seguel, Mat\u00edas Carrera, Fabio Gim\u00e9nez, Eduardo Vilce, Gustavo Del Prete, Juan P. Pereyra, Daniel Opazo. DT: Henry Homann.<\/p>\n<p>  Gol: PT 36\u00b4 M. Caro (D). \u00c1rbitro: Mariano Gonz\u00e1lez (Santa Fe).<\/p>\n<p><strong>FEDERAL C<\/strong><br \/>\n  El partido de ida del Torneo Federal C, Regi\u00f3n Bonaerense Norte, SOMISA de San Nicol\u00e1s super\u00f3 a Argentino de Pergamino por 2 a 1. Maximiliano Medina hizo el primer gol de penal, pero el \u00absomisero\u00bb lo dio vuelta con goles de Slavin y en el descuento, de Frontini. El ganador de esta llave ser\u00e1 el rival de Atl\u00e9tico Baradero en la segunda fase. <\/p>\n<p>  SOMISA (2): Tahiel Ponte, Cristian Carranza, Alejandro Slavin, Nicol\u00e1s Malin, Cristian Villaroel, Nicanor Sawicz, Nicol\u00e1s Lescano, Sebasti\u00e1n Maggi, Cristian Frontini, Leandro Z\u00e1rate y Juan Tomassini. DT: Walter Natali.<\/p>\n<p>  Argentino (1): Juan Gaynor, Facundo Cardozo, Nazareno Leidi, Dar\u00edo Palavecino, Juan Pablo Yabr\u00f3n, Fausto Fiol, Franco Capdevilla, Sergio Campos, Luciano C\u00f3rdoba, Adri\u00e1n Aranda y Maximiliano Medina. DT: Rub\u00e9n P\u00e9rez.<\/p>\n<p>  Goles: 7\u00b4 Medina de penal (A), 28\u00b4 Slavin (S) y 90\u00b4 Frontini (S). \u00c1rbitro: Juan Ignacio Bruno (SADA).<\/p>\n","protected":false},"excerpt":{"rendered":"<p>FEDERAL A Defensores derrot\u00f3 1 a 0 a Cipolletti por la tercera fecha del Nonagonal B, del Torneo Federal A. Los granates ten\u00edan que ganar este partido para seguir con chances de clasificar. Ten\u00edan s\u00f3lo un punto y en la pr\u00f3xima fecha quedan libres. Defensores (1): Juan. I. Dobboletta, Jorge Zules Caicedo, Diego Mondino, Leonardo [&hellip;]<\/p>\n","protected":false},"author":4,"featured_media":12943,"comment_status":"open","ping_status":"closed","sticky":false,"template":"","format":"standard","meta":{"om_disable_all_campaigns":false,"_jetpack_memberships_contains_paid_content":false,"footnotes":""},"categories":[5],"tags":[],"class_list":["post-16716","post","type-post","status-publish","format-standard","has-post-thumbnail","hentry","category-deportes"],"aioseo_notices":[],"gutentor_comment":0,"jetpack_featured_media_url":"https:\/\/eldiariodesanpedro.com.ar\/sitio\/wp-content\/uploads\/2017\/01\/futbol.jpg","jetpack_shortlink":"https:\/\/wp.me\/p6RhLt-4lC","jetpack_sharing_enabled":true,"_links":{"self":[{"href":"https:\/\/eldiariodesanpedro.com.ar\/sitio\/wp-json\/wp\/v2\/posts\/16716","targetHints":{"allow":["GET"]}}],"collection":[{"href":"https:\/\/eldiariodesanpedro.com.ar\/sitio\/wp-json\/wp\/v2\/posts"}],"about":[{"href":"https:\/\/eldiariodesanpedro.com.ar\/sitio\/wp-json\/wp\/v2\/types\/post"}],"author":[{"embeddable":true,"href":"https:\/\/eldiariodesanpedro.com.ar\/sitio\/wp-json\/wp\/v2\/users\/4"}],"replies":[{"embeddable":true,"href":"https:\/\/eldiariodesanpedro.com.ar\/sitio\/wp-json\/wp\/v2\/comments?post=16716"}],"version-history":[{"count":1,"href":"https:\/\/eldiariodesanpedro.com.ar\/sitio\/wp-json\/wp\/v2\/posts\/16716\/revisions"}],"predecessor-version":[{"id":16717,"href":"https:\/\/eldiariodesanpedro.com.ar\/sitio\/wp-json\/wp\/v2\/posts\/16716\/revisions\/16717"}],"wp:featuredmedia":[{"embeddable":true,"href":"https:\/\/eldiariodesanpedro.com.ar\/sitio\/wp-json\/wp\/v2\/media\/12943"}],"wp:attachment":[{"href":"https:\/\/eldiariodesanpedro.com.ar\/sitio\/wp-json\/wp\/v2\/media?parent=16716"}],"wp:term":[{"taxonomy":"category","embeddable":true,"href":"https:\/\/eldiariodesanpedro.com.ar\/sitio\/wp-json\/wp\/v2\/categories?post=16716"},{"taxonomy":"post_tag","embeddable":true,"href":"https:\/\/eldiariodesanpedro.com.ar\/sitio\/wp-json\/wp\/v2\/tags?post=16716"}],"curies":[{"name":"wp","href":"https:\/\/api.w.org\/{rel}","templated":true}]}}