{"id":16713,"date":"2017-03-30T20:54:23","date_gmt":"2017-03-30T23:54:23","guid":{"rendered":"https:\/\/eldiariodesanpedro.com.ar\/sitio\/?p=16713"},"modified":"2026-01-24T00:26:48","modified_gmt":"2026-01-24T03:26:48","slug":"ciclismo-cristian-monzon-fue-3-en-la-crespo-racedo","status":"publish","type":"post","link":"https:\/\/eldiariodesanpedro.com.ar\/sitio\/ciclismo-cristian-monzon-fue-3-en-la-crespo-racedo\/","title":{"rendered":"CICLISMO: Cristian Monz\u00f3n fue 3\u00b0 en la \u00abCrespo \u2013 Racedo\u00bb"},"content":{"rendered":"<p><!-- VideographyWP Plugin Message: Automatic video embedding prevented by plugin options. --><br \/>\n  Se corri\u00f3 el \u00faltimo domingo en la Provincia de Entre R\u00edos la tradicional prueba, \u201cCrespo \u2013 Racedo\u201d, en cual San Pedro estuvo presente a trav\u00e9s del joven ciclista Cristian Monz\u00f3n quien, en brillante actuaci\u00f3n, consigui\u00f3 subir al 3\u00b0 pelda\u00f1o del podio en categor\u00eda Promocional. La prueba cont\u00f3 con la participaci\u00f3n de ciclistas de todo el pa\u00eds y esta fue la clasificaci\u00f3n:<\/p>\n<p><strong>Promocionales<\/strong><br \/>\n1\u00b0 Nicol\u00e1s Rubattino (Paran\u00e1)<br \/>\n2\u00b0 N\u00e9stor Leguizam\u00f3n (Santo Tom\u00e9)<br \/>\n3\u00b0 Cristian Monz\u00f3n (San Pedro)<br \/>\n4\u00b0 Nicol\u00e1s Beltzer (Paran\u00e1)<br \/>\n5\u00b0 Lucas Salgueiro (Firmat)<br \/>\n6\u00b0 Manuel Valiero (Lucas Gonz\u00e1lez)<\/p>\n","protected":false},"excerpt":{"rendered":"<p>Se corri\u00f3 el \u00faltimo domingo en la Provincia de Entre R\u00edos la tradicional prueba, \u201cCrespo \u2013 Racedo\u201d, en cual San Pedro estuvo presente a trav\u00e9s del joven ciclista Cristian Monz\u00f3n quien, en brillante actuaci\u00f3n, consigui\u00f3 subir al 3\u00b0 pelda\u00f1o del podio en categor\u00eda Promocional. La prueba cont\u00f3 con la participaci\u00f3n de ciclistas de todo el [&hellip;]<\/p>\n","protected":false},"author":4,"featured_media":16714,"comment_status":"open","ping_status":"closed","sticky":false,"template":"","format":"standard","meta":{"om_disable_all_campaigns":false,"_jetpack_memberships_contains_paid_content":false,"footnotes":""},"categories":[5],"tags":[],"class_list":["post-16713","post","type-post","status-publish","format-standard","has-post-thumbnail","hentry","category-deportes"],"aioseo_notices":[],"gutentor_comment":0,"jetpack_featured_media_url":"https:\/\/eldiariodesanpedro.com.ar\/sitio\/wp-content\/uploads\/2017\/03\/monzon-cristian.jpg","jetpack_shortlink":"https:\/\/wp.me\/p6RhLt-4lz","jetpack_sharing_enabled":true,"_links":{"self":[{"href":"https:\/\/eldiariodesanpedro.com.ar\/sitio\/wp-json\/wp\/v2\/posts\/16713","targetHints":{"allow":["GET"]}}],"collection":[{"href":"https:\/\/eldiariodesanpedro.com.ar\/sitio\/wp-json\/wp\/v2\/posts"}],"about":[{"href":"https:\/\/eldiariodesanpedro.com.ar\/sitio\/wp-json\/wp\/v2\/types\/post"}],"author":[{"embeddable":true,"href":"https:\/\/eldiariodesanpedro.com.ar\/sitio\/wp-json\/wp\/v2\/users\/4"}],"replies":[{"embeddable":true,"href":"https:\/\/eldiariodesanpedro.com.ar\/sitio\/wp-json\/wp\/v2\/comments?post=16713"}],"version-history":[{"count":1,"href":"https:\/\/eldiariodesanpedro.com.ar\/sitio\/wp-json\/wp\/v2\/posts\/16713\/revisions"}],"predecessor-version":[{"id":16715,"href":"https:\/\/eldiariodesanpedro.com.ar\/sitio\/wp-json\/wp\/v2\/posts\/16713\/revisions\/16715"}],"wp:featuredmedia":[{"embeddable":true,"href":"https:\/\/eldiariodesanpedro.com.ar\/sitio\/wp-json\/wp\/v2\/media\/16714"}],"wp:attachment":[{"href":"https:\/\/eldiariodesanpedro.com.ar\/sitio\/wp-json\/wp\/v2\/media?parent=16713"}],"wp:term":[{"taxonomy":"category","embeddable":true,"href":"https:\/\/eldiariodesanpedro.com.ar\/sitio\/wp-json\/wp\/v2\/categories?post=16713"},{"taxonomy":"post_tag","embeddable":true,"href":"https:\/\/eldiariodesanpedro.com.ar\/sitio\/wp-json\/wp\/v2\/tags?post=16713"}],"curies":[{"name":"wp","href":"https:\/\/api.w.org\/{rel}","templated":true}]}}