{"id":16707,"date":"2017-03-30T20:49:26","date_gmt":"2017-03-30T23:49:26","guid":{"rendered":"https:\/\/eldiariodesanpedro.com.ar\/sitio\/?p=16707"},"modified":"2026-01-24T00:26:48","modified_gmt":"2026-01-24T03:26:48","slug":"jorge-schallibaum-fue-electo-presidente-de-parana-fc","status":"publish","type":"post","link":"https:\/\/eldiariodesanpedro.com.ar\/sitio\/jorge-schallibaum-fue-electo-presidente-de-parana-fc\/","title":{"rendered":"Jorge Schallibaum fue electo Presidente de Paran\u00e1 FC"},"content":{"rendered":"<p><!-- VideographyWP Plugin Message: Automatic video embedding prevented by plugin options. --><br \/>\n  Se realiz\u00f3 la Asamblea General Ordinaria de Paran\u00e1 F\u00fatbol Club. Entre otros puntos se aprob\u00f3 la memoria y balance, que hab\u00eda sido puesta a disposici\u00f3n de los socios. Y luego, se eligieron las nuevas autoridades que conducir\u00e1n los destinos de la Instituci\u00f3n por el per\u00edodo de dos a\u00f1os. Los asamble\u00edstas aprobaron que Jorge Schallibaum sea el nuevo Presidente en reemplazo de Gustavo Seery, quien concluy\u00f3 as\u00ed su mandato. <\/p>\n<p><strong>Las nuevas autoridades:<\/strong><\/p>\n<p>Presidente: Jorge Shallibaum, Vice-presidente: Ignacio Alcorta<br \/>\nSecretario: Andr\u00e9s Chiarella, Pro-secretario: Hern\u00e1n Oilher<br \/>\nTesorero: Sebasti\u00e1n Ducau, Pro-tesorero: Juan Pablo Botta<br \/>\nVocales Titulares: Silvio Jaime, Diego Evandri, Gustavo Maggio, Fernando Panciroli, Eduardo Silva y Fernando Maggio<br \/>\nVocales Suplentes: Mauro De Rosa, Alejandro Marelli y Fernando Cappelletti<br \/>\nRevisores de Cuentas: Eduardo Gracia, Omar Ansaloni y Virginia Grimoldi<br \/>\nRevisores Suplentes: Juan Guti\u00e9rrez y Marcelo Manso.<\/p>\n","protected":false},"excerpt":{"rendered":"<p>Se realiz\u00f3 la Asamblea General Ordinaria de Paran\u00e1 F\u00fatbol Club. Entre otros puntos se aprob\u00f3 la memoria y balance, que hab\u00eda sido puesta a disposici\u00f3n de los socios. Y luego, se eligieron las nuevas autoridades que conducir\u00e1n los destinos de la Instituci\u00f3n por el per\u00edodo de dos a\u00f1os. Los asamble\u00edstas aprobaron que Jorge Schallibaum sea [&hellip;]<\/p>\n","protected":false},"author":4,"featured_media":16711,"comment_status":"open","ping_status":"closed","sticky":false,"template":"","format":"standard","meta":{"om_disable_all_campaigns":false,"_jetpack_memberships_contains_paid_content":false,"footnotes":""},"categories":[5],"tags":[],"class_list":["post-16707","post","type-post","status-publish","format-standard","has-post-thumbnail","hentry","category-deportes"],"aioseo_notices":[],"gutentor_comment":0,"jetpack_featured_media_url":"https:\/\/eldiariodesanpedro.com.ar\/sitio\/wp-content\/uploads\/2017\/03\/logo-parana-FC.gif","jetpack_shortlink":"https:\/\/wp.me\/p6RhLt-4lt","jetpack_sharing_enabled":true,"_links":{"self":[{"href":"https:\/\/eldiariodesanpedro.com.ar\/sitio\/wp-json\/wp\/v2\/posts\/16707","targetHints":{"allow":["GET"]}}],"collection":[{"href":"https:\/\/eldiariodesanpedro.com.ar\/sitio\/wp-json\/wp\/v2\/posts"}],"about":[{"href":"https:\/\/eldiariodesanpedro.com.ar\/sitio\/wp-json\/wp\/v2\/types\/post"}],"author":[{"embeddable":true,"href":"https:\/\/eldiariodesanpedro.com.ar\/sitio\/wp-json\/wp\/v2\/users\/4"}],"replies":[{"embeddable":true,"href":"https:\/\/eldiariodesanpedro.com.ar\/sitio\/wp-json\/wp\/v2\/comments?post=16707"}],"version-history":[{"count":1,"href":"https:\/\/eldiariodesanpedro.com.ar\/sitio\/wp-json\/wp\/v2\/posts\/16707\/revisions"}],"predecessor-version":[{"id":16712,"href":"https:\/\/eldiariodesanpedro.com.ar\/sitio\/wp-json\/wp\/v2\/posts\/16707\/revisions\/16712"}],"wp:featuredmedia":[{"embeddable":true,"href":"https:\/\/eldiariodesanpedro.com.ar\/sitio\/wp-json\/wp\/v2\/media\/16711"}],"wp:attachment":[{"href":"https:\/\/eldiariodesanpedro.com.ar\/sitio\/wp-json\/wp\/v2\/media?parent=16707"}],"wp:term":[{"taxonomy":"category","embeddable":true,"href":"https:\/\/eldiariodesanpedro.com.ar\/sitio\/wp-json\/wp\/v2\/categories?post=16707"},{"taxonomy":"post_tag","embeddable":true,"href":"https:\/\/eldiariodesanpedro.com.ar\/sitio\/wp-json\/wp\/v2\/tags?post=16707"}],"curies":[{"name":"wp","href":"https:\/\/api.w.org\/{rel}","templated":true}]}}