{"id":16702,"date":"2017-03-30T20:36:47","date_gmt":"2017-03-30T23:36:47","guid":{"rendered":"https:\/\/eldiariodesanpedro.com.ar\/sitio\/?p=16702"},"modified":"2026-01-24T00:26:49","modified_gmt":"2026-01-24T03:26:49","slug":"copa-bora-junior-solmi-estara-presente-en-olavarria","status":"publish","type":"post","link":"https:\/\/eldiariodesanpedro.com.ar\/sitio\/copa-bora-junior-solmi-estara-presente-en-olavarria\/","title":{"rendered":"Copa Bora: Junior Solmi estar\u00e1 presente en Olavarr\u00eda"},"content":{"rendered":"<p><!-- VideographyWP Plugin Message: Automatic video embedding prevented by plugin options. --><br \/>\nEn el transcurso de esta semana, se pudo confirmar la asistencia de Junior Solmi a la categor\u00eda telonera del TC, la Copa Bora 1.8, en el aut\u00f3dromo de Olavarr\u00eda, siendo esta la 3\u00b0 fecha del campeonato.<\/p>\n<p>  El piloto ya ha tenido buenas actuaciones en las competencias de Viedma y Neuqu\u00e9n, con un 7\u00b0 y 1\u00b0 puesto en pista, que por ser sancionado finalmente culmin\u00f3 en la 4\u00b0 posici\u00f3n, teniendo as\u00ed un buen comienzo en la categor\u00eda. <\/p>\n<p>  La final ser\u00e1 transmitida por la TV P\u00fablica antes de las divisionales mayores.<\/p>\n","protected":false},"excerpt":{"rendered":"<p>En el transcurso de esta semana, se pudo confirmar la asistencia de Junior Solmi a la categor\u00eda telonera del TC, la Copa Bora 1.8, en el aut\u00f3dromo de Olavarr\u00eda, siendo esta la 3\u00b0 fecha del campeonato. El piloto ya ha tenido buenas actuaciones en las competencias de Viedma y Neuqu\u00e9n, con un 7\u00b0 y 1\u00b0 [&hellip;]<\/p>\n","protected":false},"author":4,"featured_media":16706,"comment_status":"open","ping_status":"closed","sticky":false,"template":"","format":"standard","meta":{"om_disable_all_campaigns":false,"_jetpack_memberships_contains_paid_content":false,"footnotes":""},"categories":[5],"tags":[],"class_list":["post-16702","post","type-post","status-publish","format-standard","has-post-thumbnail","hentry","category-deportes"],"aioseo_notices":[],"gutentor_comment":0,"jetpack_featured_media_url":"https:\/\/eldiariodesanpedro.com.ar\/sitio\/wp-content\/uploads\/2017\/03\/Junior-Solmi-1.jpg","jetpack_shortlink":"https:\/\/wp.me\/p6RhLt-4lo","jetpack_sharing_enabled":true,"_links":{"self":[{"href":"https:\/\/eldiariodesanpedro.com.ar\/sitio\/wp-json\/wp\/v2\/posts\/16702","targetHints":{"allow":["GET"]}}],"collection":[{"href":"https:\/\/eldiariodesanpedro.com.ar\/sitio\/wp-json\/wp\/v2\/posts"}],"about":[{"href":"https:\/\/eldiariodesanpedro.com.ar\/sitio\/wp-json\/wp\/v2\/types\/post"}],"author":[{"embeddable":true,"href":"https:\/\/eldiariodesanpedro.com.ar\/sitio\/wp-json\/wp\/v2\/users\/4"}],"replies":[{"embeddable":true,"href":"https:\/\/eldiariodesanpedro.com.ar\/sitio\/wp-json\/wp\/v2\/comments?post=16702"}],"version-history":[{"count":1,"href":"https:\/\/eldiariodesanpedro.com.ar\/sitio\/wp-json\/wp\/v2\/posts\/16702\/revisions"}],"predecessor-version":[{"id":16705,"href":"https:\/\/eldiariodesanpedro.com.ar\/sitio\/wp-json\/wp\/v2\/posts\/16702\/revisions\/16705"}],"wp:featuredmedia":[{"embeddable":true,"href":"https:\/\/eldiariodesanpedro.com.ar\/sitio\/wp-json\/wp\/v2\/media\/16706"}],"wp:attachment":[{"href":"https:\/\/eldiariodesanpedro.com.ar\/sitio\/wp-json\/wp\/v2\/media?parent=16702"}],"wp:term":[{"taxonomy":"category","embeddable":true,"href":"https:\/\/eldiariodesanpedro.com.ar\/sitio\/wp-json\/wp\/v2\/categories?post=16702"},{"taxonomy":"post_tag","embeddable":true,"href":"https:\/\/eldiariodesanpedro.com.ar\/sitio\/wp-json\/wp\/v2\/tags?post=16702"}],"curies":[{"name":"wp","href":"https:\/\/api.w.org\/{rel}","templated":true}]}}