{"id":16699,"date":"2017-03-30T19:46:06","date_gmt":"2017-03-30T22:46:06","guid":{"rendered":"https:\/\/eldiariodesanpedro.com.ar\/sitio\/?p=16699"},"modified":"2017-03-30T19:46:06","modified_gmt":"2017-03-30T22:46:06","slug":"el-municipio-regularizo-la-situacion-laboral-de-profesionales-de-la-salud-que-trabajaban-en-forma-precarizada","status":"publish","type":"post","link":"https:\/\/eldiariodesanpedro.com.ar\/sitio\/el-municipio-regularizo-la-situacion-laboral-de-profesionales-de-la-salud-que-trabajaban-en-forma-precarizada\/","title":{"rendered":"El Municipio regulariz\u00f3 la situaci\u00f3n laboral de profesionales de la salud que trabajaban en forma precarizada"},"content":{"rendered":"<p><!-- VideographyWP Plugin Message: Automatic video embedding prevented by plugin options. --><br \/>\n\u00abPor suerte se ha podido cumplir un reclamo eterno del gremio de los dirigente se la CICOP seg\u00fan lo establece la ley de carrera m\u00e9dica hospitalaria que dictamina que cumplido un tiempo de desarrollar las tareas como empleados temporarios hay que hacer el pase a planta permanente\u00bb y que en el caso de los \u00abprofesionales establece que se realice  por concurso\u00bb.<\/p>\n<p>\u00abEl Intendente ha tomado la decisi\u00f3n pol\u00edtica de afectar los recursos para regularizar esta situaci\u00f3n\u00bb y a raiz de ello, \u00abhemos tenido el orgullo de realizar el concurso\u00bb,sostuvo. <\/p>\n<p>En ese sentido explic\u00f3: \u00abSe tom\u00f3 el examen correspondiente a cada postulante se le afirma un tema para la especialidad que concursa y fue evaluado por los referentes de cada uno de los servicios, los directivos del Hospital, en el caso m\u00edo como representante de la Secretar\u00eda de Salud, representantes del Colegio M\u00e9dico de Jun\u00edn y de la Direcci\u00f3n Sanitaria\u00bb y \u00abhubo exposiciones brillantes\u00bb. <\/p>\n<p>\u00abYa se ha formalizado el ingreso de cuatro cargos de la Guardia M\u00e9dica, dos cargos del Servicio de Traumatolog\u00eda, uno del de Cardiolog\u00eda, cuatro ingresos de Pediatr\u00eda (dos de ellos para el Hospital y otros dos para los Centros de Salud), uno para Terapia Intensiva, uno del Laboratorio, uno para Psicolog\u00eda, uno para Trabajo Social y tres m\u00e9dicos que se ven\u00edan desarrollando en el Hospital de Santa Luc\u00eda\u00bb, se\u00f1al\u00f3 el funcionario a su vez. <\/p>\n<p>\u00abLo que hay que aclararle a la gente que no genera nuevos ingresos de personal sino simplemente lo que hace es formalizar la relaci\u00f3n laboral del empleado que ya ven\u00edan trabajando en el Municipio como planta temporaria\u00bb, dijo por \u00faltimo.  <\/p>\n","protected":false},"excerpt":{"rendered":"<p>\u00abPor suerte se ha podido cumplir un reclamo eterno del gremio de los dirigente se la CICOP seg\u00fan lo establece la ley de carrera m\u00e9dica hospitalaria que dictamina que cumplido un tiempo de desarrollar las tareas como empleados temporarios hay que hacer el pase a planta permanente\u00bb y que en el caso de los \u00abprofesionales [&hellip;]<\/p>\n","protected":false},"author":4,"featured_media":16700,"comment_status":"open","ping_status":"closed","sticky":false,"template":"","format":"standard","meta":{"om_disable_all_campaigns":false,"_jetpack_memberships_contains_paid_content":false,"footnotes":""},"categories":[2,102],"tags":[],"class_list":["post-16699","post","type-post","status-publish","format-standard","has-post-thumbnail","hentry","category-locales","category-politica-locales"],"aioseo_notices":[],"gutentor_comment":0,"jetpack_featured_media_url":"https:\/\/eldiariodesanpedro.com.ar\/sitio\/wp-content\/uploads\/2017\/03\/Municipio-regulariz\u00f3-la-situaci\u00f3n-laboral-de-profesionales-de-la-salud.jpg","jetpack_shortlink":"https:\/\/wp.me\/p6RhLt-4ll","jetpack_sharing_enabled":true,"_links":{"self":[{"href":"https:\/\/eldiariodesanpedro.com.ar\/sitio\/wp-json\/wp\/v2\/posts\/16699","targetHints":{"allow":["GET"]}}],"collection":[{"href":"https:\/\/eldiariodesanpedro.com.ar\/sitio\/wp-json\/wp\/v2\/posts"}],"about":[{"href":"https:\/\/eldiariodesanpedro.com.ar\/sitio\/wp-json\/wp\/v2\/types\/post"}],"author":[{"embeddable":true,"href":"https:\/\/eldiariodesanpedro.com.ar\/sitio\/wp-json\/wp\/v2\/users\/4"}],"replies":[{"embeddable":true,"href":"https:\/\/eldiariodesanpedro.com.ar\/sitio\/wp-json\/wp\/v2\/comments?post=16699"}],"version-history":[{"count":1,"href":"https:\/\/eldiariodesanpedro.com.ar\/sitio\/wp-json\/wp\/v2\/posts\/16699\/revisions"}],"predecessor-version":[{"id":16701,"href":"https:\/\/eldiariodesanpedro.com.ar\/sitio\/wp-json\/wp\/v2\/posts\/16699\/revisions\/16701"}],"wp:featuredmedia":[{"embeddable":true,"href":"https:\/\/eldiariodesanpedro.com.ar\/sitio\/wp-json\/wp\/v2\/media\/16700"}],"wp:attachment":[{"href":"https:\/\/eldiariodesanpedro.com.ar\/sitio\/wp-json\/wp\/v2\/media?parent=16699"}],"wp:term":[{"taxonomy":"category","embeddable":true,"href":"https:\/\/eldiariodesanpedro.com.ar\/sitio\/wp-json\/wp\/v2\/categories?post=16699"},{"taxonomy":"post_tag","embeddable":true,"href":"https:\/\/eldiariodesanpedro.com.ar\/sitio\/wp-json\/wp\/v2\/tags?post=16699"}],"curies":[{"name":"wp","href":"https:\/\/api.w.org\/{rel}","templated":true}]}}