{"id":16696,"date":"2017-03-30T19:35:56","date_gmt":"2017-03-30T22:35:56","guid":{"rendered":"https:\/\/eldiariodesanpedro.com.ar\/sitio\/?p=16696"},"modified":"2017-03-30T19:35:56","modified_gmt":"2017-03-30T22:35:56","slug":"en-sesion-extraordinaria-el-hcd-aprobo-dos-expedientes","status":"publish","type":"post","link":"https:\/\/eldiariodesanpedro.com.ar\/sitio\/en-sesion-extraordinaria-el-hcd-aprobo-dos-expedientes\/","title":{"rendered":"En Sesi\u00f3n Extraordinaria, el HCd aprob\u00f3 dos expedientes"},"content":{"rendered":"<p><!-- VideographyWP Plugin Message: Automatic video embedding prevented by plugin options. --><br \/>\nEn la ma\u00f1ana de hoy se llev\u00f3 a cabo en el HCD la segunda sesi\u00f3n extraordinaria del a\u00f1o con el tratamiento de dos expedientes.+<\/p>\n<p>El primero estuvo relacionado con la compra de un terreno en la zona de La Tosquera, donde el Ejecutivo Municipal tiene proyectado concretar de cara al futuro desembarcar con estamentos educativos, de seguridad, entre otros.<\/p>\n<p>\u201cHoy el municipio no tiene terreno fiscales para construir escuelas y menos en ese barrio\u201d, sostuvo el concejal de Cambiemos Iv\u00e1n Paz y agreg\u00f3 que esto insta la posibilidad de en \u201cun futuro gestionar un plan de vivienda\u201d.<\/p>\n<p>\u201cVemos con muy bueno ojos poder adquirir el predio de casi 6 hect\u00e1reas\u201d, agreg\u00f3.<\/p>\n<p>El valor acordado es de 1.794.000 y el edil asever\u00f3 que el dinero saldr\u00e1 de diferentes fondos el principal \u201cbanco de tierras municipal\u201d.<br \/>\nPor su parte Ariel Ramanzini del Frente Renovador sostuvo que \u201chay cosas que se hicieron en forma apurada y no estamos de acuerdo con el modo\u201d sin embargo aclar\u00f3: \u201cPero la idea es buena\u201d. <\/p>\n<p>Cuestion\u00f3 que la \u00faltima tasaci\u00f3n se haya hecho con tan solo dos inmobiliarias particulares.<\/p>\n<p>El otro tratamientos fue el pedido de la empresa Vercelli para el aumento de boleto del transporte p\u00fablico, que gener\u00f3 un caliente debate entre oficialismo y oposici\u00f3n.<\/p>\n<p>El boleto urbano pasar\u00e1 a costar de 7,60 a $ 09,10 y luego en agosto $10,50. En tanto que por ejemplo de San Pedro a Santa Luc\u00eda y Gdor. Castro que ten\u00eda un valor de $26 tendr\u00e1 ahora un costo de $ 31,20 y en agosto $ 35,90. El boleto escolar aumenta de $ 3,30 a $4,00 y a $4,60 en el segundo semestre del a\u00f1o.<\/p>\n<p>Finalmente el proyecto de ordenanza fue aprobado por 11 votos a 6.<\/p>\n","protected":false},"excerpt":{"rendered":"<p>En la ma\u00f1ana de hoy se llev\u00f3 a cabo en el HCD la segunda sesi\u00f3n extraordinaria del a\u00f1o con el tratamiento de dos expedientes.+ El primero estuvo relacionado con la compra de un terreno en la zona de La Tosquera, donde el Ejecutivo Municipal tiene proyectado concretar de cara al futuro desembarcar con estamentos educativos, [&hellip;]<\/p>\n","protected":false},"author":4,"featured_media":16697,"comment_status":"open","ping_status":"closed","sticky":false,"template":"","format":"standard","meta":{"om_disable_all_campaigns":false,"_jetpack_memberships_contains_paid_content":false,"footnotes":""},"categories":[2,102],"tags":[],"class_list":["post-16696","post","type-post","status-publish","format-standard","has-post-thumbnail","hentry","category-locales","category-politica-locales"],"aioseo_notices":[],"gutentor_comment":0,"jetpack_featured_media_url":"https:\/\/eldiariodesanpedro.com.ar\/sitio\/wp-content\/uploads\/2017\/03\/Sesi\u00f3n-Extraordinaria-HCD.jpeg","jetpack_shortlink":"https:\/\/wp.me\/p6RhLt-4li","jetpack_sharing_enabled":true,"_links":{"self":[{"href":"https:\/\/eldiariodesanpedro.com.ar\/sitio\/wp-json\/wp\/v2\/posts\/16696","targetHints":{"allow":["GET"]}}],"collection":[{"href":"https:\/\/eldiariodesanpedro.com.ar\/sitio\/wp-json\/wp\/v2\/posts"}],"about":[{"href":"https:\/\/eldiariodesanpedro.com.ar\/sitio\/wp-json\/wp\/v2\/types\/post"}],"author":[{"embeddable":true,"href":"https:\/\/eldiariodesanpedro.com.ar\/sitio\/wp-json\/wp\/v2\/users\/4"}],"replies":[{"embeddable":true,"href":"https:\/\/eldiariodesanpedro.com.ar\/sitio\/wp-json\/wp\/v2\/comments?post=16696"}],"version-history":[{"count":1,"href":"https:\/\/eldiariodesanpedro.com.ar\/sitio\/wp-json\/wp\/v2\/posts\/16696\/revisions"}],"predecessor-version":[{"id":16698,"href":"https:\/\/eldiariodesanpedro.com.ar\/sitio\/wp-json\/wp\/v2\/posts\/16696\/revisions\/16698"}],"wp:featuredmedia":[{"embeddable":true,"href":"https:\/\/eldiariodesanpedro.com.ar\/sitio\/wp-json\/wp\/v2\/media\/16697"}],"wp:attachment":[{"href":"https:\/\/eldiariodesanpedro.com.ar\/sitio\/wp-json\/wp\/v2\/media?parent=16696"}],"wp:term":[{"taxonomy":"category","embeddable":true,"href":"https:\/\/eldiariodesanpedro.com.ar\/sitio\/wp-json\/wp\/v2\/categories?post=16696"},{"taxonomy":"post_tag","embeddable":true,"href":"https:\/\/eldiariodesanpedro.com.ar\/sitio\/wp-json\/wp\/v2\/tags?post=16696"}],"curies":[{"name":"wp","href":"https:\/\/api.w.org\/{rel}","templated":true}]}}