{"id":16691,"date":"2017-03-30T19:16:44","date_gmt":"2017-03-30T22:16:44","guid":{"rendered":"https:\/\/eldiariodesanpedro.com.ar\/sitio\/?p=16691"},"modified":"2017-03-30T19:16:44","modified_gmt":"2017-03-30T22:16:44","slug":"ramallo-presentaron-el-proyecto-inmobiliario-solar-del-campo","status":"publish","type":"post","link":"https:\/\/eldiariodesanpedro.com.ar\/sitio\/ramallo-presentaron-el-proyecto-inmobiliario-solar-del-campo\/","title":{"rendered":"RAMALLO: Presentaron el proyecto inmobiliario \u201cSolar del Campo\u201d"},"content":{"rendered":"<p><!-- VideographyWP Plugin Message: Automatic video embedding prevented by plugin options. --><br \/>\nEl ex delegado Carlos Bauzas present\u00f3 junto al intendente Poletti el emprendimiento que contempla un barrio cerrado que est\u00e1 en pleno desarrollo en la localidad de Villa Ramallo. El empresario ceder\u00e1 un espacio en el lugar para que el Municipio pueda ofrecer carreras universitarias.<\/p>\n<p>\u201cLe hemos pedido poder contar con un espacio f\u00edsico dentro de ese desarrollo para que podamos llegar con otras carreras universitarias\u201d, dijo Poletti y remarc\u00f3 la importancia de apostar a la educaci\u00f3n para que los recursos humanos puedan capacitarse y acceder a puestos de trabajo.<\/p>\n<p>  Posteriormente, Carlos Bauzas se  refiri\u00f3 a la importancia del proyecto. \u201cComo desarrollo inmobiliario, es uno de los m\u00e1s importantes de la zona norte de la provincia de Buenos Aires\u201d. Y record\u00f3 su apuesta a la localidad en la que vive con su familia desde hace algunos a\u00f1os. \u201cNosotros como grupo empresario de la zona, seguimos con la idea del compromiso social. Como digo siempre: yo creo en Ramallo y sigo apostando en Ramallo\u201d.<\/p>\n<p>  El barrio cerrado tiene 176 lotes, una laguna de 15 hect\u00e1reas que va a ser apta para circuitos recreativos, 9 plazas tem\u00e1ticas, un Sub House y una playa de 5000 metros de arena.<\/p>\n<p>  \u201cSabemos que este va a ser un barrio para un sector de gente que necesita servicios. Necesitan que le corten el c\u00e9sped, que le limpien la pileta, que le cuiden los chicos, que le limpien la casa. Son barrios que necesitan mucho movimiento de gente. En la proyecci\u00f3n total, de ac\u00e1 a 10 a\u00f1os, nuestras estad\u00edsticas nos dicen que va a ver 1200, 1300 personas viviendo dentro del barrio y es gente que necesita ser atendida\u201d, explic\u00f3.<\/p>\n<p>  Bauzas aclar\u00f3 que todav\u00eda no se han puesto a la venta los terrenos y que las obras tienen un 80, 85% de avance. \u201cEst\u00e1n terminando cloacas y agua, el shopping lo estar\u00edamos empezando los primeros d\u00edas de abril, conjuntamente con un condominio, tenemos pensado a partir de mitad del a\u00f1o que viene unas torres que van en el fondo del loteo\u201d. (http:\/\/www.metafm.com.ar)<\/p>\n","protected":false},"excerpt":{"rendered":"<p>El ex delegado Carlos Bauzas present\u00f3 junto al intendente Poletti el emprendimiento que contempla un barrio cerrado que est\u00e1 en pleno desarrollo en la localidad de Villa Ramallo. El empresario ceder\u00e1 un espacio en el lugar para que el Municipio pueda ofrecer carreras universitarias. \u201cLe hemos pedido poder contar con un espacio f\u00edsico dentro de [&hellip;]<\/p>\n","protected":false},"author":4,"featured_media":16692,"comment_status":"open","ping_status":"closed","sticky":false,"template":"","format":"standard","meta":{"om_disable_all_campaigns":false,"_jetpack_memberships_contains_paid_content":false,"footnotes":""},"categories":[621],"tags":[],"class_list":["post-16691","post","type-post","status-publish","format-standard","has-post-thumbnail","hentry","category-regionales"],"aioseo_notices":[],"gutentor_comment":0,"jetpack_featured_media_url":"https:\/\/eldiariodesanpedro.com.ar\/sitio\/wp-content\/uploads\/2017\/03\/exdelegado-Carlos-Bauzas-junto-al-intendente-Poletti.jpg","jetpack_shortlink":"https:\/\/wp.me\/p6RhLt-4ld","jetpack_sharing_enabled":true,"_links":{"self":[{"href":"https:\/\/eldiariodesanpedro.com.ar\/sitio\/wp-json\/wp\/v2\/posts\/16691","targetHints":{"allow":["GET"]}}],"collection":[{"href":"https:\/\/eldiariodesanpedro.com.ar\/sitio\/wp-json\/wp\/v2\/posts"}],"about":[{"href":"https:\/\/eldiariodesanpedro.com.ar\/sitio\/wp-json\/wp\/v2\/types\/post"}],"author":[{"embeddable":true,"href":"https:\/\/eldiariodesanpedro.com.ar\/sitio\/wp-json\/wp\/v2\/users\/4"}],"replies":[{"embeddable":true,"href":"https:\/\/eldiariodesanpedro.com.ar\/sitio\/wp-json\/wp\/v2\/comments?post=16691"}],"version-history":[{"count":1,"href":"https:\/\/eldiariodesanpedro.com.ar\/sitio\/wp-json\/wp\/v2\/posts\/16691\/revisions"}],"predecessor-version":[{"id":16694,"href":"https:\/\/eldiariodesanpedro.com.ar\/sitio\/wp-json\/wp\/v2\/posts\/16691\/revisions\/16694"}],"wp:featuredmedia":[{"embeddable":true,"href":"https:\/\/eldiariodesanpedro.com.ar\/sitio\/wp-json\/wp\/v2\/media\/16692"}],"wp:attachment":[{"href":"https:\/\/eldiariodesanpedro.com.ar\/sitio\/wp-json\/wp\/v2\/media?parent=16691"}],"wp:term":[{"taxonomy":"category","embeddable":true,"href":"https:\/\/eldiariodesanpedro.com.ar\/sitio\/wp-json\/wp\/v2\/categories?post=16691"},{"taxonomy":"post_tag","embeddable":true,"href":"https:\/\/eldiariodesanpedro.com.ar\/sitio\/wp-json\/wp\/v2\/tags?post=16691"}],"curies":[{"name":"wp","href":"https:\/\/api.w.org\/{rel}","templated":true}]}}