{"id":16688,"date":"2017-03-30T19:14:45","date_gmt":"2017-03-30T22:14:45","guid":{"rendered":"https:\/\/eldiariodesanpedro.com.ar\/sitio\/?p=16688"},"modified":"2017-03-30T19:14:45","modified_gmt":"2017-03-30T22:14:45","slug":"san-nicolas-balearon-a-un-joven-en-un-intento-de-robo","status":"publish","type":"post","link":"https:\/\/eldiariodesanpedro.com.ar\/sitio\/san-nicolas-balearon-a-un-joven-en-un-intento-de-robo\/","title":{"rendered":"SAN NICOLAS: Balearon a un joven en un intento de robo"},"content":{"rendered":"<p><!-- VideographyWP Plugin Message: Automatic video embedding prevented by plugin options. --><br \/>\nMotochorros atacaron a un joven que se desplazaba en motocicleta. Las intenciones eran la de sacarle el rodado. Ante la resistencia de la v\u00edctima le dispararon un tiro y huyeron del lugar. Ocurri\u00f3 en la Curva de La Emilia.<\/p>\n<p>Motochorros atacaron a un joven que se desplazaba en motocicleta. Las intenciones eran la de sacarle el rodado. Ante la resistencia de la v\u00edctima le dispararon un tiro y huyeron del lugar. Ocurri\u00f3 en la Curva de La Emilia.<\/p>\n<p>La investigaci\u00f3n se centra en lo ocurrido aproximadamente a las 5:30 del mi\u00e9rcoles. Un joven ven\u00eda hacia San Nicol\u00e1s para sus obligaciones diarias en una motocicleta.<\/p>\n<p>En inmediaciones de la Curva de La Emilia se le apea otra moto con dos ocupantes. Antes de que lo advirtieran y amenazaran el joven se dio cuenta de las intenciones de los sujetos.<\/p>\n<p>Es por eso que no redujo la velocidad de la moto y resisti\u00f3 los envistes que le dieron para tirarlo del rodado.<\/p>\n<p>En esas acciones fue que en determinado momento uno de los salteadores extrajo un arma y dispar\u00f3 contra el joven emiliano d\u00e1ndole en una de sus piernas.<\/p>\n<p>Los ladrones huyeron del lugar sin cumplir su objetivo.<\/p>\n<p>Tras la asistencia m\u00e9dica que determin\u00f3 que se trataba de una herida leve, se realiz\u00f3 la denuncia respectiva.<\/p>\n<p>Se investigan las circunstancias de este hecho. (Diario El Infotmante)<\/p>\n","protected":false},"excerpt":{"rendered":"<p>Motochorros atacaron a un joven que se desplazaba en motocicleta. Las intenciones eran la de sacarle el rodado. Ante la resistencia de la v\u00edctima le dispararon un tiro y huyeron del lugar. Ocurri\u00f3 en la Curva de La Emilia. Motochorros atacaron a un joven que se desplazaba en motocicleta. Las intenciones eran la de sacarle [&hellip;]<\/p>\n","protected":false},"author":4,"featured_media":16689,"comment_status":"open","ping_status":"closed","sticky":false,"template":"","format":"standard","meta":{"om_disable_all_campaigns":false,"_jetpack_memberships_contains_paid_content":false,"footnotes":""},"categories":[621],"tags":[],"class_list":["post-16688","post","type-post","status-publish","format-standard","has-post-thumbnail","hentry","category-regionales"],"aioseo_notices":[],"gutentor_comment":0,"jetpack_featured_media_url":"https:\/\/eldiariodesanpedro.com.ar\/sitio\/wp-content\/uploads\/2017\/03\/motochorro.jpg","jetpack_shortlink":"https:\/\/wp.me\/p6RhLt-4la","jetpack_sharing_enabled":true,"_links":{"self":[{"href":"https:\/\/eldiariodesanpedro.com.ar\/sitio\/wp-json\/wp\/v2\/posts\/16688","targetHints":{"allow":["GET"]}}],"collection":[{"href":"https:\/\/eldiariodesanpedro.com.ar\/sitio\/wp-json\/wp\/v2\/posts"}],"about":[{"href":"https:\/\/eldiariodesanpedro.com.ar\/sitio\/wp-json\/wp\/v2\/types\/post"}],"author":[{"embeddable":true,"href":"https:\/\/eldiariodesanpedro.com.ar\/sitio\/wp-json\/wp\/v2\/users\/4"}],"replies":[{"embeddable":true,"href":"https:\/\/eldiariodesanpedro.com.ar\/sitio\/wp-json\/wp\/v2\/comments?post=16688"}],"version-history":[{"count":1,"href":"https:\/\/eldiariodesanpedro.com.ar\/sitio\/wp-json\/wp\/v2\/posts\/16688\/revisions"}],"predecessor-version":[{"id":16690,"href":"https:\/\/eldiariodesanpedro.com.ar\/sitio\/wp-json\/wp\/v2\/posts\/16688\/revisions\/16690"}],"wp:featuredmedia":[{"embeddable":true,"href":"https:\/\/eldiariodesanpedro.com.ar\/sitio\/wp-json\/wp\/v2\/media\/16689"}],"wp:attachment":[{"href":"https:\/\/eldiariodesanpedro.com.ar\/sitio\/wp-json\/wp\/v2\/media?parent=16688"}],"wp:term":[{"taxonomy":"category","embeddable":true,"href":"https:\/\/eldiariodesanpedro.com.ar\/sitio\/wp-json\/wp\/v2\/categories?post=16688"},{"taxonomy":"post_tag","embeddable":true,"href":"https:\/\/eldiariodesanpedro.com.ar\/sitio\/wp-json\/wp\/v2\/tags?post=16688"}],"curies":[{"name":"wp","href":"https:\/\/api.w.org\/{rel}","templated":true}]}}