{"id":16680,"date":"2017-03-30T19:03:21","date_gmt":"2017-03-30T22:03:21","guid":{"rendered":"https:\/\/eldiariodesanpedro.com.ar\/sitio\/?p=16680"},"modified":"2017-03-30T19:03:21","modified_gmt":"2017-03-30T22:03:21","slug":"salazar-recorrio-las-obras-que-estan-marcha","status":"publish","type":"post","link":"https:\/\/eldiariodesanpedro.com.ar\/sitio\/salazar-recorrio-las-obras-que-estan-marcha\/","title":{"rendered":"Salazar recorri\u00f3 las obras que est\u00e1n marcha"},"content":{"rendered":"<p><!-- VideographyWP Plugin Message: Automatic video embedding prevented by plugin options. --><br \/>\nEn la ma\u00f1ana de hoy el Mandatario Comunal con una comitiva de colaboradores pertenecientes al gabinete municipal, distintos puntos de la ciudad en donde se est\u00e1n llevando a cabo diferentes obras. Tambi\u00e9n confi\u00f3 al medio algunos proyectos que estar\u00e1n en marcha en  el corto plazo. <\/p>\n<p>Acompa\u00f1aron a Salazar el Secretario de Coordinaci\u00f3n Ram\u00f3n Salazar; el de Infraestructura y Planeamiento, Alfredo Camilletti; el de Servicios P\u00fablicos, Ariel \u00c1lvarez, el de Gobierno Silvio Corti y el coordinador policial de la Secretar\u00eda de Seguridad, Juan Carlos Ag\u00fcero.  <\/p>\n<p><strong>Costanera<\/strong><br \/>\n\u201cEmpezamos a recorrer temprano por la ma\u00f1ana por el ex Actur donde se est\u00e1 terminando esta semana los ba\u00f1os nuevos que quedaron muy lindos. Cuerpo de ba\u00f1os para mujeres y varones y la verdad qued\u00f3 muy lindo\u201d, sostuvo el mandatario comunal. Y continu\u00f3: \u201cDe ah\u00ed fuimos a las escaleras que seg\u00fan Pedro Restelli (Arq. a cargo de la obra) en un mes est\u00e1n finalizadas\u201d.<\/p>\n<p>En tanto que en \u201cla zona de la Aduana se va  a cambiar por juegos nuevos, se va a instalar todo en los pr\u00f3ximos d\u00edas\u201d. <\/p>\n<p>A su vez se refiri\u00f3 a la continuidad de la avenida costanera por calle Per\u00f3n. \u201cEstuvimos con Fabi\u00e1n Melgar viendo la apertura de la calle, como se va a trabajar en los pr\u00f3ximos d\u00edas\u201d, dijo Salazar. \u201cFaltan peque\u00f1os detalles pero en un mes m\u00e1s est\u00e1 previsto para arrancar los trabajos\u201d, sostuvo y luego dijo: \u201cEso fue una gesti\u00f3n muy importante que llev\u00f3 Ram\u00f3n Salazar adelante, tiene una excelente relaci\u00f3n con ellos\u201d. <\/p>\n<p>En el \u201cInicio de la Avenida Espa\u00f1a se va a hacer ah\u00ed toda una vereda nueva, que va a subir (la barranca) y que va a llegar hasta la zona de los Melgar, va a ser un paseo peatonal\u201d, explic\u00f3. <\/p>\n<p><strong>Play\u00f3n, desag\u00fce y Ruta 1001<\/strong><br \/>\n\u201cDe ah\u00ed nos trasladamos al play\u00f3n que se est\u00e1 haciendo de Depietri, una obra muy importante tambi\u00e9n y muy esperada, nos dec\u00edan los vecinos, por muchos a\u00f1os y que ahora se est\u00e1 concretando\u201d, se\u00f1al\u00f3 Salazar.<\/p>\n<p>Tambi\u00e9n se refiri\u00f3 al desag\u00fce pluvial que se va a hacer desde la rotonda de 3 de Febrero y Cro. Gral Belgrano, \u201cen estos d\u00edas comienzan\u201d, agreg\u00f3. <\/p>\n<p>Asimismo confirm\u00f3 que la repavimentaci\u00f3n de la Ruta 1001 ser\u00e1 retomada, luego que pasen las inclemencias clim\u00e1ticas de las \u00faltimas horas. \u201cSe va a hacer el bacheo profundo de esa obra que hace falta ah\u00ed. Ya est\u00e1n todas las m\u00e1quinas ac\u00e1, estaban esperando el material y van a esperar que el clima permita continuar los trabajos\u201d, asever\u00f3. <\/p>\n<p>El Jefe Comunal tambi\u00e9n visit\u00f3 la obra que se est\u00e1 haciendo en Ruta 1001 y Noseda, con la colocaci\u00f3n de nuevas bombas de agua y la instalaci\u00f3n de nuevas ca\u00f1er\u00edas de red de agua potable. \u201cUna de las grandes obras que se iniciaron algunos d\u00edas atr\u00e1s, que es la obra de la colocaci\u00f3n de las bombas de agua. M\u00e1s all\u00e1 que hemos resuelto gran parte de la problem\u00e1tica que hab\u00eda con la falta de agua por lo menos con la presi\u00f3n, hemos reparado m\u00e1s mil pedidas es notorio que no ha faltado agua este a\u00f1o, felizmente para San Pedro, se\u00f1al\u00f3. \u201cEso nos va a permitir extender la red de agua hacia el lado norte de la ciudad\u201d. <\/p>\n<p><strong>Jardines municipales <\/strong><br \/>\nEn la recorrida, se dirigi\u00f3, junto a sus colaboradores al Jard\u00edn Calcuta donde se est\u00e1 llevando a cabo unas ampliaciones en aulas. <\/p>\n<p><em>\u201cEst\u00e1n en obra los cuatro jardines municipales\u201d<\/em>, explic\u00f3 Salazar. <\/p>\n<p>Por otro lado sostuvo: \u201cTenemos un proyecto para rezonificar el jard\u00edn santos quiroz en el mismo barrio\u201d. \u201cLa idea es hacer un edificio nuevo\u201d y opin\u00f3 que con el actual \u201chabr\u00eda que hacer un centro de salud\u201d.<\/p>\n<div data-carousel-extra='{&quot;blog_id&quot;:1,&quot;permalink&quot;:&quot;https:\/\/eldiariodesanpedro.com.ar\/sitio\/salazar-recorrio-las-obras-que-estan-marcha\/&quot;}' id='gallery-1' class='gallery galleryid-16680 gallery-columns-3 gallery-size-large'><figure class='gallery-item'>\n\t\t\t<div class='gallery-icon landscape'>\n\t\t\t\t<a href='https:\/\/eldiariodesanpedro.com.ar\/sitio\/salazar-recorrio-las-obras-que-estan-marcha\/los-trabajos-en-la-ampliacion-de-la-red-de-agua\/'><img decoding=\"async\" width=\"640\" height=\"427\" data-src=\"https:\/\/eldiariodesanpedro.com.ar\/sitio\/wp-content\/uploads\/2017\/03\/Los-trabajos-en-la-ampliaci\u00f3n-de-la-red-de-agua.-1024x683.jpg\" class=\"attachment-large size-large lazyload\" alt=\"El Diario de San Pedro | Noticias locales y regionales\" data-srcset=\"https:\/\/eldiariodesanpedro.com.ar\/sitio\/wp-content\/uploads\/2017\/03\/Los-trabajos-en-la-ampliaci\u00f3n-de-la-red-de-agua.-1024x683.jpg 1024w, https:\/\/eldiariodesanpedro.com.ar\/sitio\/wp-content\/uploads\/2017\/03\/Los-trabajos-en-la-ampliaci\u00f3n-de-la-red-de-agua.-300x200.jpg 300w, https:\/\/eldiariodesanpedro.com.ar\/sitio\/wp-content\/uploads\/2017\/03\/Los-trabajos-en-la-ampliaci\u00f3n-de-la-red-de-agua.-768x512.jpg 768w, https:\/\/eldiariodesanpedro.com.ar\/sitio\/wp-content\/uploads\/2017\/03\/Los-trabajos-en-la-ampliaci\u00f3n-de-la-red-de-agua..jpg 1296w\" data-sizes=\"(max-width: 640px) 100vw, 640px\" data-attachment-id=\"16683\" data-permalink=\"https:\/\/eldiariodesanpedro.com.ar\/sitio\/salazar-recorrio-las-obras-que-estan-marcha\/los-trabajos-en-la-ampliacion-de-la-red-de-agua\/\" data-orig-file=\"https:\/\/eldiariodesanpedro.com.ar\/sitio\/wp-content\/uploads\/2017\/03\/Los-trabajos-en-la-ampliaci\u00f3n-de-la-red-de-agua..jpg\" data-orig-size=\"1296,864\" data-comments-opened=\"1\" data-image-meta=\"{&quot;aperture&quot;:&quot;0&quot;,&quot;credit&quot;:&quot;Fernando Bettendorff&quot;,&quot;camera&quot;:&quot;&quot;,&quot;caption&quot;:&quot;&quot;,&quot;created_timestamp&quot;:&quot;1490900338&quot;,&quot;copyright&quot;:&quot;&quot;,&quot;focal_length&quot;:&quot;0&quot;,&quot;iso&quot;:&quot;0&quot;,&quot;shutter_speed&quot;:&quot;0&quot;,&quot;title&quot;:&quot;&quot;,&quot;orientation&quot;:&quot;0&quot;}\" data-image-title=\"Los trabajos en la ampliaci\u00f3n de la red de agua.\" data-image-description=\"\" data-image-caption=\"\" data-large-file=\"https:\/\/eldiariodesanpedro.com.ar\/sitio\/wp-content\/uploads\/2017\/03\/Los-trabajos-en-la-ampliaci\u00f3n-de-la-red-de-agua.-1024x683.jpg\" src=\"data:image\/svg+xml;base64,PHN2ZyB3aWR0aD0iMSIgaGVpZ2h0PSIxIiB4bWxucz0iaHR0cDovL3d3dy53My5vcmcvMjAwMC9zdmciPjwvc3ZnPg==\" style=\"--smush-placeholder-width: 640px; --smush-placeholder-aspect-ratio: 640\/427;\" \/><\/a>\n\t\t\t<\/div><\/figure><figure class='gallery-item'>\n\t\t\t<div class='gallery-icon landscape'>\n\t\t\t\t<a href='https:\/\/eldiariodesanpedro.com.ar\/sitio\/salazar-recorrio-las-obras-que-estan-marcha\/zona-del-bulevar-varias-obras-escaleras-veredas\/'><img decoding=\"async\" width=\"640\" height=\"427\" data-src=\"https:\/\/eldiariodesanpedro.com.ar\/sitio\/wp-content\/uploads\/2017\/03\/zona-del-bulevar-varias-obras-escaleras-veredas-1024x683.jpg\" class=\"attachment-large size-large lazyload\" alt=\"El Diario de San Pedro | Noticias locales y regionales\" data-srcset=\"https:\/\/eldiariodesanpedro.com.ar\/sitio\/wp-content\/uploads\/2017\/03\/zona-del-bulevar-varias-obras-escaleras-veredas-1024x683.jpg 1024w, https:\/\/eldiariodesanpedro.com.ar\/sitio\/wp-content\/uploads\/2017\/03\/zona-del-bulevar-varias-obras-escaleras-veredas-300x200.jpg 300w, https:\/\/eldiariodesanpedro.com.ar\/sitio\/wp-content\/uploads\/2017\/03\/zona-del-bulevar-varias-obras-escaleras-veredas-768x512.jpg 768w, https:\/\/eldiariodesanpedro.com.ar\/sitio\/wp-content\/uploads\/2017\/03\/zona-del-bulevar-varias-obras-escaleras-veredas.jpg 1296w\" data-sizes=\"(max-width: 640px) 100vw, 640px\" data-attachment-id=\"16685\" data-permalink=\"https:\/\/eldiariodesanpedro.com.ar\/sitio\/salazar-recorrio-las-obras-que-estan-marcha\/zona-del-bulevar-varias-obras-escaleras-veredas\/\" data-orig-file=\"https:\/\/eldiariodesanpedro.com.ar\/sitio\/wp-content\/uploads\/2017\/03\/zona-del-bulevar-varias-obras-escaleras-veredas.jpg\" data-orig-size=\"1296,864\" data-comments-opened=\"1\" data-image-meta=\"{&quot;aperture&quot;:&quot;2.8&quot;,&quot;credit&quot;:&quot;Fernando Bettendorff&quot;,&quot;camera&quot;:&quot;Canon EOS REBEL T3i&quot;,&quot;caption&quot;:&quot;&quot;,&quot;created_timestamp&quot;:&quot;1490900373&quot;,&quot;copyright&quot;:&quot;&quot;,&quot;focal_length&quot;:&quot;17&quot;,&quot;iso&quot;:&quot;1600&quot;,&quot;shutter_speed&quot;:&quot;0.0008&quot;,&quot;title&quot;:&quot;&quot;,&quot;orientation&quot;:&quot;1&quot;}\" data-image-title=\"zona del bulevar varias obras, escaleras, veredas\" data-image-description=\"\" data-image-caption=\"\" data-large-file=\"https:\/\/eldiariodesanpedro.com.ar\/sitio\/wp-content\/uploads\/2017\/03\/zona-del-bulevar-varias-obras-escaleras-veredas-1024x683.jpg\" src=\"data:image\/svg+xml;base64,PHN2ZyB3aWR0aD0iMSIgaGVpZ2h0PSIxIiB4bWxucz0iaHR0cDovL3d3dy53My5vcmcvMjAwMC9zdmciPjwvc3ZnPg==\" style=\"--smush-placeholder-width: 640px; --smush-placeholder-aspect-ratio: 640\/427;\" \/><\/a>\n\t\t\t<\/div><\/figure><figure class='gallery-item'>\n\t\t\t<div class='gallery-icon landscape'>\n\t\t\t\t<a href='https:\/\/eldiariodesanpedro.com.ar\/sitio\/salazar-recorrio-las-obras-que-estan-marcha\/salazar-recorrio-las-obras-que-estan-marcha\/'><img decoding=\"async\" width=\"640\" height=\"427\" data-src=\"https:\/\/eldiariodesanpedro.com.ar\/sitio\/wp-content\/uploads\/2017\/03\/Salazar-recorri\u00f3-las-obras-que-est\u00e1n-marcha-1024x683.jpg\" class=\"attachment-large size-large lazyload\" alt=\"El Diario de San Pedro | Noticias locales y regionales\" data-srcset=\"https:\/\/eldiariodesanpedro.com.ar\/sitio\/wp-content\/uploads\/2017\/03\/Salazar-recorri\u00f3-las-obras-que-est\u00e1n-marcha-1024x683.jpg 1024w, https:\/\/eldiariodesanpedro.com.ar\/sitio\/wp-content\/uploads\/2017\/03\/Salazar-recorri\u00f3-las-obras-que-est\u00e1n-marcha-300x200.jpg 300w, https:\/\/eldiariodesanpedro.com.ar\/sitio\/wp-content\/uploads\/2017\/03\/Salazar-recorri\u00f3-las-obras-que-est\u00e1n-marcha-768x512.jpg 768w, https:\/\/eldiariodesanpedro.com.ar\/sitio\/wp-content\/uploads\/2017\/03\/Salazar-recorri\u00f3-las-obras-que-est\u00e1n-marcha.jpg 1296w\" data-sizes=\"(max-width: 640px) 100vw, 640px\" data-attachment-id=\"16682\" data-permalink=\"https:\/\/eldiariodesanpedro.com.ar\/sitio\/salazar-recorrio-las-obras-que-estan-marcha\/salazar-recorrio-las-obras-que-estan-marcha\/\" data-orig-file=\"https:\/\/eldiariodesanpedro.com.ar\/sitio\/wp-content\/uploads\/2017\/03\/Salazar-recorri\u00f3-las-obras-que-est\u00e1n-marcha.jpg\" data-orig-size=\"1296,864\" data-comments-opened=\"1\" data-image-meta=\"{&quot;aperture&quot;:&quot;2.8&quot;,&quot;credit&quot;:&quot;Fernando Bettendorff&quot;,&quot;camera&quot;:&quot;Canon EOS REBEL T3i&quot;,&quot;caption&quot;:&quot;&quot;,&quot;created_timestamp&quot;:&quot;1490900390&quot;,&quot;copyright&quot;:&quot;&quot;,&quot;focal_length&quot;:&quot;43&quot;,&quot;iso&quot;:&quot;400&quot;,&quot;shutter_speed&quot;:&quot;0.0003125&quot;,&quot;title&quot;:&quot;&quot;,&quot;orientation&quot;:&quot;1&quot;}\" data-image-title=\"Salazar recorri\u00f3 las obras que est\u00e1n marcha\" data-image-description=\"\" data-image-caption=\"\" data-large-file=\"https:\/\/eldiariodesanpedro.com.ar\/sitio\/wp-content\/uploads\/2017\/03\/Salazar-recorri\u00f3-las-obras-que-est\u00e1n-marcha-1024x683.jpg\" src=\"data:image\/svg+xml;base64,PHN2ZyB3aWR0aD0iMSIgaGVpZ2h0PSIxIiB4bWxucz0iaHR0cDovL3d3dy53My5vcmcvMjAwMC9zdmciPjwvc3ZnPg==\" style=\"--smush-placeholder-width: 640px; --smush-placeholder-aspect-ratio: 640\/427;\" \/><\/a>\n\t\t\t<\/div><\/figure>\n\t\t<\/div>\n\n","protected":false},"excerpt":{"rendered":"<p>En la ma\u00f1ana de hoy el Mandatario Comunal con una comitiva de colaboradores pertenecientes al gabinete municipal, distintos puntos de la ciudad en donde se est\u00e1n llevando a cabo diferentes obras. Tambi\u00e9n confi\u00f3 al medio algunos proyectos que estar\u00e1n en marcha en el corto plazo. Acompa\u00f1aron a Salazar el Secretario de Coordinaci\u00f3n Ram\u00f3n Salazar; el [&hellip;]<\/p>\n","protected":false},"author":4,"featured_media":16682,"comment_status":"open","ping_status":"closed","sticky":false,"template":"","format":"standard","meta":{"om_disable_all_campaigns":false,"_jetpack_memberships_contains_paid_content":false,"footnotes":""},"categories":[50,2,102],"tags":[],"class_list":["post-16680","post","type-post","status-publish","format-standard","has-post-thumbnail","hentry","category-destacadas","category-locales","category-politica-locales"],"aioseo_notices":[],"gutentor_comment":0,"jetpack_featured_media_url":"https:\/\/eldiariodesanpedro.com.ar\/sitio\/wp-content\/uploads\/2017\/03\/Salazar-recorri\u00f3-las-obras-que-est\u00e1n-marcha.jpg","jetpack_shortlink":"https:\/\/wp.me\/p6RhLt-4l2","jetpack_sharing_enabled":true,"_links":{"self":[{"href":"https:\/\/eldiariodesanpedro.com.ar\/sitio\/wp-json\/wp\/v2\/posts\/16680","targetHints":{"allow":["GET"]}}],"collection":[{"href":"https:\/\/eldiariodesanpedro.com.ar\/sitio\/wp-json\/wp\/v2\/posts"}],"about":[{"href":"https:\/\/eldiariodesanpedro.com.ar\/sitio\/wp-json\/wp\/v2\/types\/post"}],"author":[{"embeddable":true,"href":"https:\/\/eldiariodesanpedro.com.ar\/sitio\/wp-json\/wp\/v2\/users\/4"}],"replies":[{"embeddable":true,"href":"https:\/\/eldiariodesanpedro.com.ar\/sitio\/wp-json\/wp\/v2\/comments?post=16680"}],"version-history":[{"count":2,"href":"https:\/\/eldiariodesanpedro.com.ar\/sitio\/wp-json\/wp\/v2\/posts\/16680\/revisions"}],"predecessor-version":[{"id":16687,"href":"https:\/\/eldiariodesanpedro.com.ar\/sitio\/wp-json\/wp\/v2\/posts\/16680\/revisions\/16687"}],"wp:featuredmedia":[{"embeddable":true,"href":"https:\/\/eldiariodesanpedro.com.ar\/sitio\/wp-json\/wp\/v2\/media\/16682"}],"wp:attachment":[{"href":"https:\/\/eldiariodesanpedro.com.ar\/sitio\/wp-json\/wp\/v2\/media?parent=16680"}],"wp:term":[{"taxonomy":"category","embeddable":true,"href":"https:\/\/eldiariodesanpedro.com.ar\/sitio\/wp-json\/wp\/v2\/categories?post=16680"},{"taxonomy":"post_tag","embeddable":true,"href":"https:\/\/eldiariodesanpedro.com.ar\/sitio\/wp-json\/wp\/v2\/tags?post=16680"}],"curies":[{"name":"wp","href":"https:\/\/api.w.org\/{rel}","templated":true}]}}