{"id":16675,"date":"2017-03-30T16:57:41","date_gmt":"2017-03-30T19:57:41","guid":{"rendered":"https:\/\/eldiariodesanpedro.com.ar\/sitio\/?p=16675"},"modified":"2017-03-31T16:57:57","modified_gmt":"2017-03-31T19:57:57","slug":"comenzaron-la-instalacion-de-los-gabinetes-para-las-camaras-de-seguridad","status":"publish","type":"post","link":"https:\/\/eldiariodesanpedro.com.ar\/sitio\/comenzaron-la-instalacion-de-los-gabinetes-para-las-camaras-de-seguridad\/","title":{"rendered":"Comenzaron la instalaci\u00f3n de los gabinetes para las camaras de seguridad"},"content":{"rendered":"<p><!-- VideographyWP Plugin Message: Automatic video embedding prevented by plugin options. --><br \/>\nLa empresa Geo Global encargada de la instalaci\u00f3n de las nuevas c\u00e1maras de seguridad pertenecientes a la empresa Fibertel este martes pasado comenz\u00f3 con la colocaci\u00f3n de los gabinetes donde estar\u00e1n los servidores que transmitir\u00eda la informaci\u00f3n a la central de monitorio. En total ser\u00e1n 25 gabinetes para 25 c\u00e1maras y 4 domos a instalarse pr\u00f3ximamente.<\/p>\n<p>Los gabinetes estar\u00e1n terminados de instalar para el d\u00eda jueves en Lucio Mansilla y Sbert donde llevara 1 c\u00e1mara que apuntara al centro, Bvard. Moreno y Selada 1 c\u00e1mara que apuntara al centro, 11 de septiembre y Juan de Garay 1 c\u00e1mara al al paseo publico\/11 de septiembre, Miguel Porta y Alte. Brown 1 c\u00e1mara al centro, Ituzaingo y Ayacucho 1 c\u00e1mara direcci\u00f3n al registro civil, 11 de Septiembre esquina Lavalle 1 c\u00e1mara direcci\u00f3n al rio, 11 de septiembre y Auli 1 camara con direccion a calle Auli\/Bottaro\/club, 11 de septiembre y Casella 1 c\u00e1mara con direcci\u00f3n al rio\/cruce de calle\/agencia, 11 de septiembre y Lucio Mansilla 3 c\u00e1maras 2 para ambos lados de lucio mansilla y una con direcci\u00f3n 11 de septiembre, Pellegrini esquina Hipolito Yrigoyen 1 c\u00e1mara con direcci\u00f3n al acceso del Banco Naci\u00f3n, Pellegrini y San Mart\u00edn 1 c\u00e1mara con direcci\u00f3n al r\u00edo, Mitre y San Mart\u00edn 1 c\u00e1mara hacia los bancos, Cementerio 1 c\u00e1mara en el acceso sobre la calle, Centro de salud 1 c\u00e1mara, Ruta 191 y Estrada 2 c\u00e1maras parta ambos lados de la ruta, Rotonda del Club N\u00e1utico 2 c\u00e1maras para ambos lados de la costanera, Sarmiento y Bv. Paran\u00e1 1 domo de 360 grados, Sarmiento y San Martin 1 camara hacia la ruta, Sarmiento e Irlanda 1 c\u00e1mara hacia y otra hacia la ruta, Sarmiento y Ruta 1001 1 c\u00e1mara hacia Sarmiento, Romulo Nahon y Av. Espa\u00f1a 1 domo de 360 grados, Ruta 1001 y Humanes 1 c\u00e1mara en direcci\u00f3n al centro, San Mart\u00edn y Baja al puerto 1 domo de 360 grados, Crucero General Belgrano y Emilio Frers 1 c\u00e1mara en direcci\u00f3n a la salida; y por ultimo Ruta 1001 y Crucero General Belgrano donde tambi\u00e9n llevara un domo de 360 grados.<\/p>\n<p>&nbsp;<\/p>\n<p><a href=\"https:\/\/eldiariodesanpedro.com.ar\/sitio\/wp-content\/uploads\/2017\/03\/DSC_0012-1.jpg\"><img decoding=\"async\" data-attachment-id=\"16678\" data-permalink=\"https:\/\/eldiariodesanpedro.com.ar\/sitio\/comenzaron-la-instalacion-de-los-gabinetes-para-las-camaras-de-seguridad\/dsc_0012-3\/\" data-orig-file=\"https:\/\/eldiariodesanpedro.com.ar\/sitio\/wp-content\/uploads\/2017\/03\/DSC_0012-1-e1490903822914.jpg\" data-orig-size=\"800,535\" data-comments-opened=\"1\" data-image-meta=\"{&quot;aperture&quot;:&quot;5.6&quot;,&quot;credit&quot;:&quot;&quot;,&quot;camera&quot;:&quot;NIKON D3300&quot;,&quot;caption&quot;:&quot;&quot;,&quot;created_timestamp&quot;:&quot;1490871591&quot;,&quot;copyright&quot;:&quot;&quot;,&quot;focal_length&quot;:&quot;18&quot;,&quot;iso&quot;:&quot;400&quot;,&quot;shutter_speed&quot;:&quot;0.008&quot;,&quot;title&quot;:&quot;&quot;,&quot;orientation&quot;:&quot;1&quot;}\" data-image-title=\"DSC_0012\" data-image-description=\"\" data-image-caption=\"\" data-large-file=\"https:\/\/eldiariodesanpedro.com.ar\/sitio\/wp-content\/uploads\/2017\/03\/DSC_0012-1-1024x684.jpg\" class=\"alignnone  wp-image-16678 lazyload\" data-src=\"https:\/\/eldiariodesanpedro.com.ar\/sitio\/wp-content\/uploads\/2017\/03\/DSC_0012-1-300x201.jpg\" alt=\"\" width=\"1049\" height=\"703\" src=\"data:image\/svg+xml;base64,PHN2ZyB3aWR0aD0iMSIgaGVpZ2h0PSIxIiB4bWxucz0iaHR0cDovL3d3dy53My5vcmcvMjAwMC9zdmciPjwvc3ZnPg==\" style=\"--smush-placeholder-width: 1049px; --smush-placeholder-aspect-ratio: 1049\/703;\" \/><\/a><\/p>\n","protected":false},"excerpt":{"rendered":"<p>La empresa Geo Global encargada de la instalaci\u00f3n de las nuevas c\u00e1maras de seguridad pertenecientes a la empresa Fibertel este martes pasado comenz\u00f3 con la colocaci\u00f3n de los gabinetes donde estar\u00e1n los servidores que transmitir\u00eda la informaci\u00f3n a la central de monitorio. En total ser\u00e1n 25 gabinetes para 25 c\u00e1maras y 4 domos a instalarse [&hellip;]<\/p>\n","protected":false},"author":4,"featured_media":16677,"comment_status":"open","ping_status":"closed","sticky":false,"template":"","format":"standard","meta":{"om_disable_all_campaigns":false,"_jetpack_memberships_contains_paid_content":false,"footnotes":""},"categories":[50,101,2],"tags":[],"class_list":["post-16675","post","type-post","status-publish","format-standard","has-post-thumbnail","hentry","category-destacadas","category-interes-general-locales","category-locales"],"aioseo_notices":[],"gutentor_comment":0,"jetpack_featured_media_url":"https:\/\/eldiariodesanpedro.com.ar\/sitio\/wp-content\/uploads\/2017\/03\/DSC_0008-e1490903745515.jpg","jetpack_shortlink":"https:\/\/wp.me\/p6RhLt-4kX","jetpack_sharing_enabled":true,"_links":{"self":[{"href":"https:\/\/eldiariodesanpedro.com.ar\/sitio\/wp-json\/wp\/v2\/posts\/16675","targetHints":{"allow":["GET"]}}],"collection":[{"href":"https:\/\/eldiariodesanpedro.com.ar\/sitio\/wp-json\/wp\/v2\/posts"}],"about":[{"href":"https:\/\/eldiariodesanpedro.com.ar\/sitio\/wp-json\/wp\/v2\/types\/post"}],"author":[{"embeddable":true,"href":"https:\/\/eldiariodesanpedro.com.ar\/sitio\/wp-json\/wp\/v2\/users\/4"}],"replies":[{"embeddable":true,"href":"https:\/\/eldiariodesanpedro.com.ar\/sitio\/wp-json\/wp\/v2\/comments?post=16675"}],"version-history":[{"count":3,"href":"https:\/\/eldiariodesanpedro.com.ar\/sitio\/wp-json\/wp\/v2\/posts\/16675\/revisions"}],"predecessor-version":[{"id":16731,"href":"https:\/\/eldiariodesanpedro.com.ar\/sitio\/wp-json\/wp\/v2\/posts\/16675\/revisions\/16731"}],"wp:featuredmedia":[{"embeddable":true,"href":"https:\/\/eldiariodesanpedro.com.ar\/sitio\/wp-json\/wp\/v2\/media\/16677"}],"wp:attachment":[{"href":"https:\/\/eldiariodesanpedro.com.ar\/sitio\/wp-json\/wp\/v2\/media?parent=16675"}],"wp:term":[{"taxonomy":"category","embeddable":true,"href":"https:\/\/eldiariodesanpedro.com.ar\/sitio\/wp-json\/wp\/v2\/categories?post=16675"},{"taxonomy":"post_tag","embeddable":true,"href":"https:\/\/eldiariodesanpedro.com.ar\/sitio\/wp-json\/wp\/v2\/tags?post=16675"}],"curies":[{"name":"wp","href":"https:\/\/api.w.org\/{rel}","templated":true}]}}