{"id":16672,"date":"2017-03-30T08:53:36","date_gmt":"2017-03-30T11:53:36","guid":{"rendered":"https:\/\/eldiariodesanpedro.com.ar\/sitio\/?p=16672"},"modified":"2017-03-30T08:53:36","modified_gmt":"2017-03-30T11:53:36","slug":"accidente-entre-una-moto-y-automovil","status":"publish","type":"post","link":"https:\/\/eldiariodesanpedro.com.ar\/sitio\/accidente-entre-una-moto-y-automovil\/","title":{"rendered":"Accidente entre una moto y autom\u00f3vil"},"content":{"rendered":"<p><!-- VideographyWP Plugin Message: Automatic video embedding prevented by plugin options. --><br \/>\nEn el d\u00eda de ayer en la intersecci\u00f3n se las calles Mart\u00edn Fierro y 25 de Mayo se produjo un accidente de tr\u00e1nsito entre una motocicleta Gilera Smash 110 cc conducida por un joven de 15 a\u00f1os de edad sin casco y un autom\u00f3vil Peugeot 307  que era dirigido por un hombre mayor de edad. <\/p>\n<p>El joven fue trasladado a la guardia del hospital tras recibir un fuerte golpe en el cr\u00e1neo dej\u00e1ndolo en observaci\u00f3n y esperando su pronta recuperaci\u00f3n. <\/p>\n","protected":false},"excerpt":{"rendered":"<p>En el d\u00eda de ayer en la intersecci\u00f3n se las calles Mart\u00edn Fierro y 25 de Mayo se produjo un accidente de tr\u00e1nsito entre una motocicleta Gilera Smash 110 cc conducida por un joven de 15 a\u00f1os de edad sin casco y un autom\u00f3vil Peugeot 307 que era dirigido por un hombre mayor de edad. [&hellip;]<\/p>\n","protected":false},"author":4,"featured_media":2624,"comment_status":"open","ping_status":"closed","sticky":false,"template":"","format":"standard","meta":{"om_disable_all_campaigns":false,"_jetpack_memberships_contains_paid_content":false,"footnotes":""},"categories":[2,103],"tags":[],"class_list":["post-16672","post","type-post","status-publish","format-standard","has-post-thumbnail","hentry","category-locales","category-policiales-locales"],"aioseo_notices":[],"gutentor_comment":0,"jetpack_featured_media_url":"https:\/\/eldiariodesanpedro.com.ar\/sitio\/wp-content\/uploads\/2016\/04\/guardia.jpg","jetpack_shortlink":"https:\/\/wp.me\/p6RhLt-4kU","jetpack_sharing_enabled":true,"_links":{"self":[{"href":"https:\/\/eldiariodesanpedro.com.ar\/sitio\/wp-json\/wp\/v2\/posts\/16672","targetHints":{"allow":["GET"]}}],"collection":[{"href":"https:\/\/eldiariodesanpedro.com.ar\/sitio\/wp-json\/wp\/v2\/posts"}],"about":[{"href":"https:\/\/eldiariodesanpedro.com.ar\/sitio\/wp-json\/wp\/v2\/types\/post"}],"author":[{"embeddable":true,"href":"https:\/\/eldiariodesanpedro.com.ar\/sitio\/wp-json\/wp\/v2\/users\/4"}],"replies":[{"embeddable":true,"href":"https:\/\/eldiariodesanpedro.com.ar\/sitio\/wp-json\/wp\/v2\/comments?post=16672"}],"version-history":[{"count":2,"href":"https:\/\/eldiariodesanpedro.com.ar\/sitio\/wp-json\/wp\/v2\/posts\/16672\/revisions"}],"predecessor-version":[{"id":16674,"href":"https:\/\/eldiariodesanpedro.com.ar\/sitio\/wp-json\/wp\/v2\/posts\/16672\/revisions\/16674"}],"wp:featuredmedia":[{"embeddable":true,"href":"https:\/\/eldiariodesanpedro.com.ar\/sitio\/wp-json\/wp\/v2\/media\/2624"}],"wp:attachment":[{"href":"https:\/\/eldiariodesanpedro.com.ar\/sitio\/wp-json\/wp\/v2\/media?parent=16672"}],"wp:term":[{"taxonomy":"category","embeddable":true,"href":"https:\/\/eldiariodesanpedro.com.ar\/sitio\/wp-json\/wp\/v2\/categories?post=16672"},{"taxonomy":"post_tag","embeddable":true,"href":"https:\/\/eldiariodesanpedro.com.ar\/sitio\/wp-json\/wp\/v2\/tags?post=16672"}],"curies":[{"name":"wp","href":"https:\/\/api.w.org\/{rel}","templated":true}]}}