{"id":16670,"date":"2017-03-30T08:42:46","date_gmt":"2017-03-30T11:42:46","guid":{"rendered":"https:\/\/eldiariodesanpedro.com.ar\/sitio\/?p=16670"},"modified":"2017-03-30T08:42:46","modified_gmt":"2017-03-30T11:42:46","slug":"mujer-apunalada-por-su-ex-pareja","status":"publish","type":"post","link":"https:\/\/eldiariodesanpedro.com.ar\/sitio\/mujer-apunalada-por-su-ex-pareja\/","title":{"rendered":"Mujer apu\u00f1alada por su ex pareja"},"content":{"rendered":"<p><!-- VideographyWP Plugin Message: Automatic video embedding prevented by plugin options. --><br \/>\nEn el d\u00eda de ayer se recibi\u00f3 un llamado telef\u00f3nico al servicio 101 donde se advertida de una mujer tirada en la calle aparentemente con una herida de arma de fuego en su pierna. Al llegar el personal policial y el servicio de emergencia del hospital local se pudo constatar que esta mujer presentaba una herida de arma blanca de en su pierna izquierda. <\/p>\n<p>Una vez en el nosocomio local se le tom\u00f3 declaraci\u00f3n y cont\u00f3 que fue agredida por su ex pareja; al consultar con los vecinos se logr\u00f3 establecer que discusi\u00f3n comenz\u00f3 dentro del domicilio del agresor. <\/p>\n<p>La v\u00edctima luego de recibir la sutura de la herida fue dada de alta y se retiro del lugar, sin querer realizar la correspondiente denuncia aunque la pareja tiene problema de violencia de g\u00e9nero de larga data. <\/p>\n<p>Fue asistida por UCEFF quien la traslado hasta la comisar\u00eda de la mujer y la familia para su contenci\u00f3n, logrando que la v\u00edctima realice la actuaci\u00f3n por violencia de g\u00e9nero. <\/p>\n","protected":false},"excerpt":{"rendered":"<p>En el d\u00eda de ayer se recibi\u00f3 un llamado telef\u00f3nico al servicio 101 donde se advertida de una mujer tirada en la calle aparentemente con una herida de arma de fuego en su pierna. Al llegar el personal policial y el servicio de emergencia del hospital local se pudo constatar que esta mujer presentaba una [&hellip;]<\/p>\n","protected":false},"author":4,"featured_media":11299,"comment_status":"open","ping_status":"closed","sticky":false,"template":"","format":"standard","meta":{"om_disable_all_campaigns":false,"_jetpack_memberships_contains_paid_content":false,"footnotes":""},"categories":[2,103],"tags":[],"class_list":["post-16670","post","type-post","status-publish","format-standard","has-post-thumbnail","hentry","category-locales","category-policiales-locales"],"aioseo_notices":[],"gutentor_comment":0,"jetpack_featured_media_url":"https:\/\/eldiariodesanpedro.com.ar\/sitio\/wp-content\/uploads\/2016\/12\/violencia-genero.jpg","jetpack_shortlink":"https:\/\/wp.me\/p6RhLt-4kS","jetpack_sharing_enabled":true,"_links":{"self":[{"href":"https:\/\/eldiariodesanpedro.com.ar\/sitio\/wp-json\/wp\/v2\/posts\/16670","targetHints":{"allow":["GET"]}}],"collection":[{"href":"https:\/\/eldiariodesanpedro.com.ar\/sitio\/wp-json\/wp\/v2\/posts"}],"about":[{"href":"https:\/\/eldiariodesanpedro.com.ar\/sitio\/wp-json\/wp\/v2\/types\/post"}],"author":[{"embeddable":true,"href":"https:\/\/eldiariodesanpedro.com.ar\/sitio\/wp-json\/wp\/v2\/users\/4"}],"replies":[{"embeddable":true,"href":"https:\/\/eldiariodesanpedro.com.ar\/sitio\/wp-json\/wp\/v2\/comments?post=16670"}],"version-history":[{"count":1,"href":"https:\/\/eldiariodesanpedro.com.ar\/sitio\/wp-json\/wp\/v2\/posts\/16670\/revisions"}],"predecessor-version":[{"id":16671,"href":"https:\/\/eldiariodesanpedro.com.ar\/sitio\/wp-json\/wp\/v2\/posts\/16670\/revisions\/16671"}],"wp:featuredmedia":[{"embeddable":true,"href":"https:\/\/eldiariodesanpedro.com.ar\/sitio\/wp-json\/wp\/v2\/media\/11299"}],"wp:attachment":[{"href":"https:\/\/eldiariodesanpedro.com.ar\/sitio\/wp-json\/wp\/v2\/media?parent=16670"}],"wp:term":[{"taxonomy":"category","embeddable":true,"href":"https:\/\/eldiariodesanpedro.com.ar\/sitio\/wp-json\/wp\/v2\/categories?post=16670"},{"taxonomy":"post_tag","embeddable":true,"href":"https:\/\/eldiariodesanpedro.com.ar\/sitio\/wp-json\/wp\/v2\/tags?post=16670"}],"curies":[{"name":"wp","href":"https:\/\/api.w.org\/{rel}","templated":true}]}}