{"id":16666,"date":"2017-03-30T08:05:23","date_gmt":"2017-03-30T11:05:23","guid":{"rendered":"https:\/\/eldiariodesanpedro.com.ar\/sitio\/?p=16666"},"modified":"2017-03-30T08:05:23","modified_gmt":"2017-03-30T11:05:23","slug":"detienen-a-una-persona-por-robos-en-2013","status":"publish","type":"post","link":"https:\/\/eldiariodesanpedro.com.ar\/sitio\/detienen-a-una-persona-por-robos-en-2013\/","title":{"rendered":"Detienen a una persona por robos en 2013"},"content":{"rendered":"<p><!-- VideographyWP Plugin Message: Automatic video embedding prevented by plugin options. --><br \/>\nEn el d\u00eda de ayer personal de policial local en conjunto con Polic\u00eda de la comisar\u00eda local intercept\u00f3 a una hombre en calle Hipolito Irigoyen y Sarmiento el cual luego de la consulta a la radioestacion de San Nicol\u00e1s se pudo determinar que el mismo pose\u00eda pedido de captura activo por dos hechos de robo simple en el a\u00f1o 2013. <\/p>\n<p>Esta persona fue trasladada a la comisar\u00eda y puesto a disposici\u00f3n del magistrado que orden\u00f3 presentarse en el juzgado y luego puesto en libertad. <\/p>\n","protected":false},"excerpt":{"rendered":"<p>En el d\u00eda de ayer personal de policial local en conjunto con Polic\u00eda de la comisar\u00eda local intercept\u00f3 a una hombre en calle Hipolito Irigoyen y Sarmiento el cual luego de la consulta a la radioestacion de San Nicol\u00e1s se pudo determinar que el mismo pose\u00eda pedido de captura activo por dos hechos de robo [&hellip;]<\/p>\n","protected":false},"author":4,"featured_media":1378,"comment_status":"open","ping_status":"closed","sticky":false,"template":"","format":"standard","meta":{"om_disable_all_campaigns":false,"_jetpack_memberships_contains_paid_content":false,"footnotes":""},"categories":[2,103],"tags":[],"class_list":["post-16666","post","type-post","status-publish","format-standard","has-post-thumbnail","hentry","category-locales","category-policiales-locales"],"aioseo_notices":[],"gutentor_comment":0,"jetpack_featured_media_url":"https:\/\/eldiariodesanpedro.com.ar\/sitio\/wp-content\/uploads\/2015\/12\/detenido-esposado-620x413.jpg","jetpack_shortlink":"https:\/\/wp.me\/p6RhLt-4kO","jetpack_sharing_enabled":true,"_links":{"self":[{"href":"https:\/\/eldiariodesanpedro.com.ar\/sitio\/wp-json\/wp\/v2\/posts\/16666","targetHints":{"allow":["GET"]}}],"collection":[{"href":"https:\/\/eldiariodesanpedro.com.ar\/sitio\/wp-json\/wp\/v2\/posts"}],"about":[{"href":"https:\/\/eldiariodesanpedro.com.ar\/sitio\/wp-json\/wp\/v2\/types\/post"}],"author":[{"embeddable":true,"href":"https:\/\/eldiariodesanpedro.com.ar\/sitio\/wp-json\/wp\/v2\/users\/4"}],"replies":[{"embeddable":true,"href":"https:\/\/eldiariodesanpedro.com.ar\/sitio\/wp-json\/wp\/v2\/comments?post=16666"}],"version-history":[{"count":1,"href":"https:\/\/eldiariodesanpedro.com.ar\/sitio\/wp-json\/wp\/v2\/posts\/16666\/revisions"}],"predecessor-version":[{"id":16667,"href":"https:\/\/eldiariodesanpedro.com.ar\/sitio\/wp-json\/wp\/v2\/posts\/16666\/revisions\/16667"}],"wp:featuredmedia":[{"embeddable":true,"href":"https:\/\/eldiariodesanpedro.com.ar\/sitio\/wp-json\/wp\/v2\/media\/1378"}],"wp:attachment":[{"href":"https:\/\/eldiariodesanpedro.com.ar\/sitio\/wp-json\/wp\/v2\/media?parent=16666"}],"wp:term":[{"taxonomy":"category","embeddable":true,"href":"https:\/\/eldiariodesanpedro.com.ar\/sitio\/wp-json\/wp\/v2\/categories?post=16666"},{"taxonomy":"post_tag","embeddable":true,"href":"https:\/\/eldiariodesanpedro.com.ar\/sitio\/wp-json\/wp\/v2\/tags?post=16666"}],"curies":[{"name":"wp","href":"https:\/\/api.w.org\/{rel}","templated":true}]}}