{"id":16663,"date":"2017-03-29T20:53:35","date_gmt":"2017-03-29T23:53:35","guid":{"rendered":"https:\/\/eldiariodesanpedro.com.ar\/sitio\/?p=16663"},"modified":"2026-01-24T00:26:49","modified_gmt":"2026-01-24T03:26:49","slug":"natacion-hernan-fernandez-en-aguas-abiertas","status":"publish","type":"post","link":"https:\/\/eldiariodesanpedro.com.ar\/sitio\/natacion-hernan-fernandez-en-aguas-abiertas\/","title":{"rendered":"NATACI\u00d3N: Hern\u00e1n Fern\u00e1ndez en Aguas Abiertas"},"content":{"rendered":"<p><!-- VideographyWP Plugin Message: Automatic video embedding prevented by plugin options. --><br \/>\n  Hern\u00e1n Fern\u00e1ndez, nadador del Club N\u00e1utico San Pedro, particip\u00f3 el s\u00e1bado 25 de la \u00faltima fecha del circuito entrerriano de aguas abiertas. Nadando en el R\u00edo Uruguay tom\u00f3 parte de la Liebig \u2013 San Jos\u00e9 con llegada en Col\u00f3n Entre R\u00edos, con una distancia de 5 kil\u00f3metros y m\u00e1s 180 nadadores. Finaliz\u00f3 tercero en la categor\u00eda 30 a 34 a\u00f1os con un tiempo de 46\u201944\u201d en la que fue una de las \u00faltimas pruebas de la temporada 2016 \/ 2017.<\/p>\n","protected":false},"excerpt":{"rendered":"<p>Hern\u00e1n Fern\u00e1ndez, nadador del Club N\u00e1utico San Pedro, particip\u00f3 el s\u00e1bado 25 de la \u00faltima fecha del circuito entrerriano de aguas abiertas. Nadando en el R\u00edo Uruguay tom\u00f3 parte de la Liebig \u2013 San Jos\u00e9 con llegada en Col\u00f3n Entre R\u00edos, con una distancia de 5 kil\u00f3metros y m\u00e1s 180 nadadores. Finaliz\u00f3 tercero en la [&hellip;]<\/p>\n","protected":false},"author":4,"featured_media":10828,"comment_status":"open","ping_status":"closed","sticky":false,"template":"","format":"standard","meta":{"om_disable_all_campaigns":false,"_jetpack_memberships_contains_paid_content":false,"footnotes":""},"categories":[5],"tags":[],"class_list":["post-16663","post","type-post","status-publish","format-standard","has-post-thumbnail","hentry","category-deportes"],"aioseo_notices":[],"gutentor_comment":0,"jetpack_featured_media_url":"https:\/\/eldiariodesanpedro.com.ar\/sitio\/wp-content\/uploads\/2016\/11\/aguas-abiertas-2.jpg","jetpack_shortlink":"https:\/\/wp.me\/p6RhLt-4kL","jetpack_sharing_enabled":true,"_links":{"self":[{"href":"https:\/\/eldiariodesanpedro.com.ar\/sitio\/wp-json\/wp\/v2\/posts\/16663","targetHints":{"allow":["GET"]}}],"collection":[{"href":"https:\/\/eldiariodesanpedro.com.ar\/sitio\/wp-json\/wp\/v2\/posts"}],"about":[{"href":"https:\/\/eldiariodesanpedro.com.ar\/sitio\/wp-json\/wp\/v2\/types\/post"}],"author":[{"embeddable":true,"href":"https:\/\/eldiariodesanpedro.com.ar\/sitio\/wp-json\/wp\/v2\/users\/4"}],"replies":[{"embeddable":true,"href":"https:\/\/eldiariodesanpedro.com.ar\/sitio\/wp-json\/wp\/v2\/comments?post=16663"}],"version-history":[{"count":1,"href":"https:\/\/eldiariodesanpedro.com.ar\/sitio\/wp-json\/wp\/v2\/posts\/16663\/revisions"}],"predecessor-version":[{"id":16664,"href":"https:\/\/eldiariodesanpedro.com.ar\/sitio\/wp-json\/wp\/v2\/posts\/16663\/revisions\/16664"}],"wp:featuredmedia":[{"embeddable":true,"href":"https:\/\/eldiariodesanpedro.com.ar\/sitio\/wp-json\/wp\/v2\/media\/10828"}],"wp:attachment":[{"href":"https:\/\/eldiariodesanpedro.com.ar\/sitio\/wp-json\/wp\/v2\/media?parent=16663"}],"wp:term":[{"taxonomy":"category","embeddable":true,"href":"https:\/\/eldiariodesanpedro.com.ar\/sitio\/wp-json\/wp\/v2\/categories?post=16663"},{"taxonomy":"post_tag","embeddable":true,"href":"https:\/\/eldiariodesanpedro.com.ar\/sitio\/wp-json\/wp\/v2\/tags?post=16663"}],"curies":[{"name":"wp","href":"https:\/\/api.w.org\/{rel}","templated":true}]}}