{"id":16660,"date":"2017-03-29T20:23:42","date_gmt":"2017-03-29T23:23:42","guid":{"rendered":"https:\/\/eldiariodesanpedro.com.ar\/sitio\/?p=16660"},"modified":"2026-01-24T00:26:49","modified_gmt":"2026-01-24T03:26:49","slug":"ciclismo-gran-premio-163-ciudad-de-zarate-con-varios-sampedrinos","status":"publish","type":"post","link":"https:\/\/eldiariodesanpedro.com.ar\/sitio\/ciclismo-gran-premio-163-ciudad-de-zarate-con-varios-sampedrinos\/","title":{"rendered":"CICLISMO: Gran Premio 163\u00b0 Ciudad de Z\u00e1rate con varios sampedrinos"},"content":{"rendered":"<p><!-- VideographyWP Plugin Message: Automatic video embedding prevented by plugin options. --><br \/>\n  Dentro del marco de la celebraci\u00f3n, en la pista de la Asociaci\u00f3n de Ciclismo, se disput\u00f3 el domingo 26 el \u201cGran Premio 163 Aniversario, Ciudad de Z\u00e1rate\u201d y estos fueron los resultados:<\/p>\n<p><em>MASTER \u201cE\u201d<\/em><br \/>\n1\u00b0 Juan Aimar (San Antonio de Padua)<\/p>\n<p><em>DEBUTANTES<\/em><br \/>\n1\u00b0 Mart\u00edn Herrera (Gral. Rodr\u00edguez)<\/p>\n<p><em>MASTER \u201cD\u201d<\/em><br \/>\n1\u00b0 Miguel Manzo (San Mart\u00edn)<\/p>\n<p><em>PROMOCIONAL<\/em><br \/>\n1\u00b0 Hern\u00e1n Pissinis (Lobos)<br \/>\n2\u00b0 Facundo Fern\u00e1ndez (Las Flores)<br \/>\n3\u00b0 Mariano Manzo (San Pedro)<br \/>\n4\u00b0 Francisco Chipolini (San Pedro)<br \/>\n5\u00b0 Diego Navas (Las Flores)<\/p>\n<p><em>MASTER \u201cC\u201d<\/em><br \/>\n1\u00b0 Omar Fredes (Ranchos)<br \/>\n2\u00b0 Sergio Rodr\u00edguez (Pergamino)<br \/>\n3\u00b0 David Vacari (Rosario)<br \/>\n4\u00b0 Juan Carlos Manzo (San Pedro)<br \/>\n5\u00b0 Luis Mario Antonio Vegetti (Rafaela)<\/p>\n<p><em>DAMAS<\/em><br \/>\n1\u00b0 Elisa Saponara (Moreno)<\/p>\n<p><em>MASTER \u201cB\u201d<\/em><br \/>\n1\u00b0 Richard Cabral Fuente (Uruguay)<br \/>\n2\u00b0 Carlos Giuliani (San Pedro)<br \/>\n3\u00b0 Marcos Petovello (Tandil)<br \/>\n4\u00b0 Cristian Basualdo (San Pedro)<br \/>\n5\u00b0 Mart\u00edn Garrocho (Lobos)<\/p>\n<p><em>MASTER \u201cA\u201d<\/em><br \/>\n1\u00b0 Esteban Massari (San Nicol\u00e1s)<\/p>\n<p><em>ELITE Y SUB 23<\/em><br \/>\n1\u00b0 Sergio Fredes (Ranchos)<\/p>\n","protected":false},"excerpt":{"rendered":"<p>Dentro del marco de la celebraci\u00f3n, en la pista de la Asociaci\u00f3n de Ciclismo, se disput\u00f3 el domingo 26 el \u201cGran Premio 163 Aniversario, Ciudad de Z\u00e1rate\u201d y estos fueron los resultados: MASTER \u201cE\u201d 1\u00b0 Juan Aimar (San Antonio de Padua) DEBUTANTES 1\u00b0 Mart\u00edn Herrera (Gral. Rodr\u00edguez) MASTER \u201cD\u201d 1\u00b0 Miguel Manzo (San Mart\u00edn) PROMOCIONAL [&hellip;]<\/p>\n","protected":false},"author":4,"featured_media":10379,"comment_status":"open","ping_status":"closed","sticky":false,"template":"","format":"standard","meta":{"om_disable_all_campaigns":false,"_jetpack_memberships_contains_paid_content":false,"footnotes":""},"categories":[5],"tags":[],"class_list":["post-16660","post","type-post","status-publish","format-standard","has-post-thumbnail","hentry","category-deportes"],"aioseo_notices":[],"gutentor_comment":0,"jetpack_featured_media_url":"https:\/\/eldiariodesanpedro.com.ar\/sitio\/wp-content\/uploads\/2016\/11\/ciclismo.jpg","jetpack_shortlink":"https:\/\/wp.me\/p6RhLt-4kI","jetpack_sharing_enabled":true,"_links":{"self":[{"href":"https:\/\/eldiariodesanpedro.com.ar\/sitio\/wp-json\/wp\/v2\/posts\/16660","targetHints":{"allow":["GET"]}}],"collection":[{"href":"https:\/\/eldiariodesanpedro.com.ar\/sitio\/wp-json\/wp\/v2\/posts"}],"about":[{"href":"https:\/\/eldiariodesanpedro.com.ar\/sitio\/wp-json\/wp\/v2\/types\/post"}],"author":[{"embeddable":true,"href":"https:\/\/eldiariodesanpedro.com.ar\/sitio\/wp-json\/wp\/v2\/users\/4"}],"replies":[{"embeddable":true,"href":"https:\/\/eldiariodesanpedro.com.ar\/sitio\/wp-json\/wp\/v2\/comments?post=16660"}],"version-history":[{"count":1,"href":"https:\/\/eldiariodesanpedro.com.ar\/sitio\/wp-json\/wp\/v2\/posts\/16660\/revisions"}],"predecessor-version":[{"id":16661,"href":"https:\/\/eldiariodesanpedro.com.ar\/sitio\/wp-json\/wp\/v2\/posts\/16660\/revisions\/16661"}],"wp:featuredmedia":[{"embeddable":true,"href":"https:\/\/eldiariodesanpedro.com.ar\/sitio\/wp-json\/wp\/v2\/media\/10379"}],"wp:attachment":[{"href":"https:\/\/eldiariodesanpedro.com.ar\/sitio\/wp-json\/wp\/v2\/media?parent=16660"}],"wp:term":[{"taxonomy":"category","embeddable":true,"href":"https:\/\/eldiariodesanpedro.com.ar\/sitio\/wp-json\/wp\/v2\/categories?post=16660"},{"taxonomy":"post_tag","embeddable":true,"href":"https:\/\/eldiariodesanpedro.com.ar\/sitio\/wp-json\/wp\/v2\/tags?post=16660"}],"curies":[{"name":"wp","href":"https:\/\/api.w.org\/{rel}","templated":true}]}}