{"id":16655,"date":"2017-03-29T20:17:33","date_gmt":"2017-03-29T23:17:33","guid":{"rendered":"https:\/\/eldiariodesanpedro.com.ar\/sitio\/?p=16655"},"modified":"2026-01-24T00:26:49","modified_gmt":"2026-01-24T03:26:49","slug":"automovilismo-actividad-positiva-para-nuestros-pilotos","status":"publish","type":"post","link":"https:\/\/eldiariodesanpedro.com.ar\/sitio\/automovilismo-actividad-positiva-para-nuestros-pilotos\/","title":{"rendered":"AUTOMOVILISMO: Actividad positiva para nuestros pilotos"},"content":{"rendered":"<p><!-- VideographyWP Plugin Message: Automatic video embedding prevented by plugin options. --><br \/>\n  El pasado fin de semana, hubo actividad de los sampedrinos en el Car Show Santafecino y tambi\u00e9n en el TCPM (Turismo Carretera Pista Mouras).<\/p>\n<p>  En el Car Show (\u00e1mbito zonal) se disput\u00f3 la segunda fecha en el Aut\u00f3dromo de Paran\u00e1, donde hubo doble actuaci\u00f3n de los pilotos de nuestra ciudad. <\/p>\n<p>  Por una parte, en el TC 4000 la categor\u00eda m\u00e1xima de la Federaci\u00f3n, Alejandro Ram\u00f3n pudo ser protagonista de la competencia rompiendo la mala suerte de la primera fecha en la ciudad de Rafaela. El s\u00e1bado se ubicaba 7\u00b0 en la clasificaci\u00f3n general con un tiempo de 1,41,146. Descubrieron una falla dif\u00edcil de detectar en el nuevo motor y trabajaron en ella para poder mejorar. Ya el domingo, pintaba distinto para \u00e9l que, al largar la serie de la ma\u00f1ana culminaba como 4\u00b0 de la primera bater\u00eda, permiti\u00e9ndole esto largar 8\u00b0 en la carrera final. Con suerte, en \u00e9sta termin\u00f3 haciendo podio, ya que despu\u00e9s de las vueltas fue logrando remontar y finalmente posicionarse 4\u00b0. <\/p>\n<p>  El ganador fue Fernando Vila, seguido de Gustavo Crucianelli y Claudio Buchholz.<\/p>\n<p>  Haciendo una de sus primeras presentaciones en la categor\u00eda Turismo Fiat Santafecino, m\u00e1s puntualmente en su primera carrera luego del debut, Federico Dom\u00ednguez termin\u00f3 el fin de semana lleno de experiencias.<\/p>\n<p>  En la clasificaci\u00f3n general del d\u00eda s\u00e1bado culminaba en la posici\u00f3n 25\u00b0, pr\u00e1cticamente sin poder girar en los entrenamientos por una falla que molestaba el andar ideal y a su vez, reci\u00e9n conociendo el recorrido. Al d\u00eda siguiente, largaba la primera serie de la ma\u00f1ana y terminaba en ella 9\u00b0, d\u00e1ndole la oportunidad de poder largar en el lote del medio la tan esperada final. En la que el \u201cPescadito\u201d pudo dar pelea, mantenerse y defender las posiciones de muy buena manera para quien a\u00fan est\u00e1 conociendo el auto. As\u00ed lograba cerrar su segunda carrera en el 16\u00b0 puesto con una gran alegr\u00eda, ya que uno de los objetivos era llegar a terminarla. <\/p>\n<p>  El que venci\u00f3 fue Abel S\u00e1nchez, cerrando el podio Hern\u00e1n Fenoglio y Mat\u00edas Cravero.<\/p>\n<p>  La siguiente fecha de estas categor\u00edas ser\u00e1 el 23 de abril, en Alta Gracia, C\u00f3rdoba.<\/p>\n<p><strong>TCPM: Iglesias fue d\u00e9cimo<\/strong><br \/>\n  Fernando Iglesias fue part\u00edcipe de la tercera fecha del TCPM en el Roberto Mouras de La Plata. El \u201cMorro\u201d, despu\u00e9s del continuo trabajo en el taller, pudo aferrarse a la 14\u00b0 ubicaci\u00f3n del clasificador y as\u00ed poder largar el domingo al mediod\u00eda la competencia final con una mentalidad de poder avanzar. Y as\u00ed fue, termin\u00f3 viendo la bandera a cuadros siendo el 10\u00b0 de la competencia, quedando dentro del lote de punta, siendo protagonista dentro de los diez primeros. <\/p>\n<p>  El que obtuvo el m\u00e1ximo lugar fue una vez m\u00e1s Germ\u00e1n Todino, perseguido por Lucas Panarotti y Eduardo Bracco.<\/p>\n<p>  La pr\u00f3xima fecha ser\u00e1 el 23 de abril en el mismo escenario. <\/p>\n<p><strong>Copa Bora: Solmi en Olavarr\u00eda<\/strong><br \/>\n  Junior Solmi estar\u00e1 participando este fin de semana, como ya es habitual, en la categor\u00eda telonera del TC, es decir la Copa Bora 1.8 que se desarrollar\u00e1 en Olavarr\u00eda.<\/p>\n<p><a href=\"https:\/\/eldiariodesanpedro.com.ar\/sitio\/wp-content\/uploads\/2017\/03\/Alejandro-Ram\u00f3n-.jpg\"><img decoding=\"async\" data-attachment-id=\"16658\" data-permalink=\"https:\/\/eldiariodesanpedro.com.ar\/sitio\/automovilismo-actividad-positiva-para-nuestros-pilotos\/alejandro-ramon\/\" data-orig-file=\"https:\/\/eldiariodesanpedro.com.ar\/sitio\/wp-content\/uploads\/2017\/03\/Alejandro-Ram\u00f3n-.jpg\" data-orig-size=\"283,178\" data-comments-opened=\"1\" data-image-meta=\"{&quot;aperture&quot;:&quot;0&quot;,&quot;credit&quot;:&quot;&quot;,&quot;camera&quot;:&quot;&quot;,&quot;caption&quot;:&quot;&quot;,&quot;created_timestamp&quot;:&quot;0&quot;,&quot;copyright&quot;:&quot;&quot;,&quot;focal_length&quot;:&quot;0&quot;,&quot;iso&quot;:&quot;0&quot;,&quot;shutter_speed&quot;:&quot;0&quot;,&quot;title&quot;:&quot;&quot;,&quot;orientation&quot;:&quot;0&quot;}\" data-image-title=\"Alejandro Ram\u00f3n\" data-image-description=\"\" data-image-caption=\"\" data-large-file=\"https:\/\/eldiariodesanpedro.com.ar\/sitio\/wp-content\/uploads\/2017\/03\/Alejandro-Ram\u00f3n-.jpg\" data-src=\"https:\/\/eldiariodesanpedro.com.ar\/sitio\/wp-content\/uploads\/2017\/03\/Alejandro-Ram\u00f3n-.jpg\" alt=\"\" width=\"283\" height=\"178\" class=\"alignnone size-full wp-image-16658 lazyload\" src=\"data:image\/svg+xml;base64,PHN2ZyB3aWR0aD0iMSIgaGVpZ2h0PSIxIiB4bWxucz0iaHR0cDovL3d3dy53My5vcmcvMjAwMC9zdmciPjwvc3ZnPg==\" style=\"--smush-placeholder-width: 283px; --smush-placeholder-aspect-ratio: 283\/178;\" \/><\/a><\/p>\n","protected":false},"excerpt":{"rendered":"<p>El pasado fin de semana, hubo actividad de los sampedrinos en el Car Show Santafecino y tambi\u00e9n en el TCPM (Turismo Carretera Pista Mouras). En el Car Show (\u00e1mbito zonal) se disput\u00f3 la segunda fecha en el Aut\u00f3dromo de Paran\u00e1, donde hubo doble actuaci\u00f3n de los pilotos de nuestra ciudad. Por una parte, en el [&hellip;]<\/p>\n","protected":false},"author":4,"featured_media":16657,"comment_status":"open","ping_status":"closed","sticky":false,"template":"","format":"standard","meta":{"om_disable_all_campaigns":false,"_jetpack_memberships_contains_paid_content":false,"footnotes":""},"categories":[5],"tags":[],"class_list":["post-16655","post","type-post","status-publish","format-standard","has-post-thumbnail","hentry","category-deportes"],"aioseo_notices":[],"gutentor_comment":0,"jetpack_featured_media_url":"https:\/\/eldiariodesanpedro.com.ar\/sitio\/wp-content\/uploads\/2017\/03\/morro-iglesias.jpg","jetpack_shortlink":"https:\/\/wp.me\/p6RhLt-4kD","jetpack_sharing_enabled":true,"_links":{"self":[{"href":"https:\/\/eldiariodesanpedro.com.ar\/sitio\/wp-json\/wp\/v2\/posts\/16655","targetHints":{"allow":["GET"]}}],"collection":[{"href":"https:\/\/eldiariodesanpedro.com.ar\/sitio\/wp-json\/wp\/v2\/posts"}],"about":[{"href":"https:\/\/eldiariodesanpedro.com.ar\/sitio\/wp-json\/wp\/v2\/types\/post"}],"author":[{"embeddable":true,"href":"https:\/\/eldiariodesanpedro.com.ar\/sitio\/wp-json\/wp\/v2\/users\/4"}],"replies":[{"embeddable":true,"href":"https:\/\/eldiariodesanpedro.com.ar\/sitio\/wp-json\/wp\/v2\/comments?post=16655"}],"version-history":[{"count":1,"href":"https:\/\/eldiariodesanpedro.com.ar\/sitio\/wp-json\/wp\/v2\/posts\/16655\/revisions"}],"predecessor-version":[{"id":16659,"href":"https:\/\/eldiariodesanpedro.com.ar\/sitio\/wp-json\/wp\/v2\/posts\/16655\/revisions\/16659"}],"wp:featuredmedia":[{"embeddable":true,"href":"https:\/\/eldiariodesanpedro.com.ar\/sitio\/wp-json\/wp\/v2\/media\/16657"}],"wp:attachment":[{"href":"https:\/\/eldiariodesanpedro.com.ar\/sitio\/wp-json\/wp\/v2\/media?parent=16655"}],"wp:term":[{"taxonomy":"category","embeddable":true,"href":"https:\/\/eldiariodesanpedro.com.ar\/sitio\/wp-json\/wp\/v2\/categories?post=16655"},{"taxonomy":"post_tag","embeddable":true,"href":"https:\/\/eldiariodesanpedro.com.ar\/sitio\/wp-json\/wp\/v2\/tags?post=16655"}],"curies":[{"name":"wp","href":"https:\/\/api.w.org\/{rel}","templated":true}]}}