{"id":16650,"date":"2017-03-29T19:44:13","date_gmt":"2017-03-29T22:44:13","guid":{"rendered":"https:\/\/eldiariodesanpedro.com.ar\/sitio\/?p=16650"},"modified":"2017-03-29T19:44:13","modified_gmt":"2017-03-29T22:44:13","slug":"abanico-de-colores-en-el-museo-paleontologico-de-san-pedro","status":"publish","type":"post","link":"https:\/\/eldiariodesanpedro.com.ar\/sitio\/abanico-de-colores-en-el-museo-paleontologico-de-san-pedro\/","title":{"rendered":"\u201cAbanico de Colores\u201d en el Museo Paleontol\u00f3gico de San Pedro"},"content":{"rendered":"<p><!-- VideographyWP Plugin Message: Automatic video embedding prevented by plugin options. --><br \/>\nDesde el viernes 31 de marzo al domingo 23 de abril, se podr\u00e1 disfrutar de una nueva muestra de pintura sampedrina en el Museo Paleontol\u00f3gico de San Pedro.<\/p>\n<p>La propuesta, creaci\u00f3n de la artista Alicia B. Reynaldo, consta de 29 obras realizadas con los m\u00e1s coloridos trazos, en \u00f3leo y acr\u00edlico.<br \/>\n Paisajes de las m\u00e1s diversas procedencias se dan cita en esta radiante muestra pict\u00f3rica que el Museo presenta a sampedrinos y turistas.<\/p>\n<p>Luego de obtener su t\u00edtulo como profesora de dibujo, Alicia Reynaldo incursion\u00f3 en la pintura, form\u00e1ndose en la sede de la Sociedad Italiana local de la mano de la Prof. Mirta Giosa, quien le transmiti\u00f3 todas sus t\u00e9cnicas.<\/p>\n<p>Adentr\u00e1ndose en los secretos del uso del \u00f3leo y el acr\u00edlico, abord\u00f3 el paisaje como tema central donde plasmar su creatividad y dar vida a sus obras.<\/p>\n<p>Esta artista sampedrina para quien, seg\u00fan sus palabras, \u201cel sentimiento pasea en el cuadro a trav\u00e9s del color y la belleza\u201d, invita a la comunidad a conocer su obra en la Sala \u201cD. Ricardo Pasquali\u201d, del Museo Paleontol\u00f3gico.<\/p>\n<p>Martes, viernes, s\u00e1bados y domingos, de 09 a 12 y de 15 a 18 hs.<\/p>\n","protected":false},"excerpt":{"rendered":"<p>Desde el viernes 31 de marzo al domingo 23 de abril, se podr\u00e1 disfrutar de una nueva muestra de pintura sampedrina en el Museo Paleontol\u00f3gico de San Pedro. La propuesta, creaci\u00f3n de la artista Alicia B. Reynaldo, consta de 29 obras realizadas con los m\u00e1s coloridos trazos, en \u00f3leo y acr\u00edlico. Paisajes de las m\u00e1s [&hellip;]<\/p>\n","protected":false},"author":4,"featured_media":16652,"comment_status":"open","ping_status":"closed","sticky":false,"template":"","format":"standard","meta":{"om_disable_all_campaigns":false,"_jetpack_memberships_contains_paid_content":false,"footnotes":""},"categories":[101,2],"tags":[],"class_list":["post-16650","post","type-post","status-publish","format-standard","has-post-thumbnail","hentry","category-interes-general-locales","category-locales"],"aioseo_notices":[],"gutentor_comment":0,"jetpack_featured_media_url":"https:\/\/eldiariodesanpedro.com.ar\/sitio\/wp-content\/uploads\/2017\/03\/flyer-de-la-muestra-Abanico-de-Colores.jpg","jetpack_shortlink":"https:\/\/wp.me\/p6RhLt-4ky","jetpack_sharing_enabled":true,"_links":{"self":[{"href":"https:\/\/eldiariodesanpedro.com.ar\/sitio\/wp-json\/wp\/v2\/posts\/16650","targetHints":{"allow":["GET"]}}],"collection":[{"href":"https:\/\/eldiariodesanpedro.com.ar\/sitio\/wp-json\/wp\/v2\/posts"}],"about":[{"href":"https:\/\/eldiariodesanpedro.com.ar\/sitio\/wp-json\/wp\/v2\/types\/post"}],"author":[{"embeddable":true,"href":"https:\/\/eldiariodesanpedro.com.ar\/sitio\/wp-json\/wp\/v2\/users\/4"}],"replies":[{"embeddable":true,"href":"https:\/\/eldiariodesanpedro.com.ar\/sitio\/wp-json\/wp\/v2\/comments?post=16650"}],"version-history":[{"count":1,"href":"https:\/\/eldiariodesanpedro.com.ar\/sitio\/wp-json\/wp\/v2\/posts\/16650\/revisions"}],"predecessor-version":[{"id":16654,"href":"https:\/\/eldiariodesanpedro.com.ar\/sitio\/wp-json\/wp\/v2\/posts\/16650\/revisions\/16654"}],"wp:featuredmedia":[{"embeddable":true,"href":"https:\/\/eldiariodesanpedro.com.ar\/sitio\/wp-json\/wp\/v2\/media\/16652"}],"wp:attachment":[{"href":"https:\/\/eldiariodesanpedro.com.ar\/sitio\/wp-json\/wp\/v2\/media?parent=16650"}],"wp:term":[{"taxonomy":"category","embeddable":true,"href":"https:\/\/eldiariodesanpedro.com.ar\/sitio\/wp-json\/wp\/v2\/categories?post=16650"},{"taxonomy":"post_tag","embeddable":true,"href":"https:\/\/eldiariodesanpedro.com.ar\/sitio\/wp-json\/wp\/v2\/tags?post=16650"}],"curies":[{"name":"wp","href":"https:\/\/api.w.org\/{rel}","templated":true}]}}