{"id":16648,"date":"2017-03-29T19:42:13","date_gmt":"2017-03-29T22:42:13","guid":{"rendered":"https:\/\/eldiariodesanpedro.com.ar\/sitio\/?p=16648"},"modified":"2017-03-29T19:42:13","modified_gmt":"2017-03-29T22:42:13","slug":"familiares-y-amigos-de-ariel-gomila-marcharon-a-la-fiscalia","status":"publish","type":"post","link":"https:\/\/eldiariodesanpedro.com.ar\/sitio\/familiares-y-amigos-de-ariel-gomila-marcharon-a-la-fiscalia\/","title":{"rendered":"Familiares y amigos de Ariel Gomila marcharon a la fiscal\u00eda"},"content":{"rendered":"<p><!-- VideographyWP Plugin Message: Automatic video embedding prevented by plugin options. --><br \/>\nTal como se hab\u00eda convocado se concret\u00f3 esta tarde una concentraci\u00f3n. Con carteles alusivos al reiterado pedido de \u201cjusticia\u201d los participantes se dieron cita en la plaza Belgrano.<\/p>\n<p>En ese sentido, Juan Manuel, nieto del productor asesinado, dijo: \u201cEstamos aqu\u00ed para dar m\u00e9rito a todas aquellas instancias judiciales, policiales y de investigaci\u00f3n de la DDI que han permitido dar con el paradero de quien estaba pr\u00f3fugo desde aquella \u00e9poca, el \u00fanico imputado en esta causa, Ulises Fern\u00e1ndez\u201d.<\/p>\n<p>Al tiempo que sostuvo: \u201cEsto es el hecho que necesit\u00e1bamos para que verdaderamente, de ahora en m\u00e1s comencemos a transitar el pedido de justicia y esclarecimiento del hecho. Sabemos que la detenci\u00f3n sirve pero no es hecho suficiente para que Ariel Gomila tenga Justicia, necesitamos que aparezcan los otros c\u00f3mplices de este hecho\u201d, sostuvo luego.<\/p>\n<p>Al tiempo que agreg\u00f3: \u201cQue luego comience el juzgamiento de las personas consideradas culpables o part\u00edcipes de este hecho o a\u00fan m\u00e1s, necesitamos que San Pedro vuelva a tener la seguridad, la tranquilidad y la paz que merecen y necesitan todos sus ciudadanos\u201d.<\/p>\n<p>\u201cLa familia Gomila no va a tener uno de mas sus integrantes pero no queremos que nunca mas falten ciudadanos justos de San Pedro\u201d, dijo seguidamente.<\/p>\n<p>Luego, los vecinos autoconvocados marcharon a la fiscal\u00eda de la ciudad donde permanecieron algunos minutos antes de terminar el encuentro.<\/p>\n","protected":false},"excerpt":{"rendered":"<p>Tal como se hab\u00eda convocado se concret\u00f3 esta tarde una concentraci\u00f3n. Con carteles alusivos al reiterado pedido de \u201cjusticia\u201d los participantes se dieron cita en la plaza Belgrano. En ese sentido, Juan Manuel, nieto del productor asesinado, dijo: \u201cEstamos aqu\u00ed para dar m\u00e9rito a todas aquellas instancias judiciales, policiales y de investigaci\u00f3n de la DDI [&hellip;]<\/p>\n","protected":false},"author":4,"featured_media":16649,"comment_status":"open","ping_status":"closed","sticky":false,"template":"","format":"standard","meta":{"om_disable_all_campaigns":false,"_jetpack_memberships_contains_paid_content":false,"footnotes":""},"categories":[2,103],"tags":[],"class_list":["post-16648","post","type-post","status-publish","format-standard","has-post-thumbnail","hentry","category-locales","category-policiales-locales"],"aioseo_notices":[],"gutentor_comment":0,"jetpack_featured_media_url":"https:\/\/eldiariodesanpedro.com.ar\/sitio\/wp-content\/uploads\/2017\/03\/Familiares-y-amigos-de-Ariel-Gomila-marcharon-a-la-fiscal\u00eda.jpg","jetpack_shortlink":"https:\/\/wp.me\/p6RhLt-4kw","jetpack_sharing_enabled":true,"_links":{"self":[{"href":"https:\/\/eldiariodesanpedro.com.ar\/sitio\/wp-json\/wp\/v2\/posts\/16648","targetHints":{"allow":["GET"]}}],"collection":[{"href":"https:\/\/eldiariodesanpedro.com.ar\/sitio\/wp-json\/wp\/v2\/posts"}],"about":[{"href":"https:\/\/eldiariodesanpedro.com.ar\/sitio\/wp-json\/wp\/v2\/types\/post"}],"author":[{"embeddable":true,"href":"https:\/\/eldiariodesanpedro.com.ar\/sitio\/wp-json\/wp\/v2\/users\/4"}],"replies":[{"embeddable":true,"href":"https:\/\/eldiariodesanpedro.com.ar\/sitio\/wp-json\/wp\/v2\/comments?post=16648"}],"version-history":[{"count":1,"href":"https:\/\/eldiariodesanpedro.com.ar\/sitio\/wp-json\/wp\/v2\/posts\/16648\/revisions"}],"predecessor-version":[{"id":16651,"href":"https:\/\/eldiariodesanpedro.com.ar\/sitio\/wp-json\/wp\/v2\/posts\/16648\/revisions\/16651"}],"wp:featuredmedia":[{"embeddable":true,"href":"https:\/\/eldiariodesanpedro.com.ar\/sitio\/wp-json\/wp\/v2\/media\/16649"}],"wp:attachment":[{"href":"https:\/\/eldiariodesanpedro.com.ar\/sitio\/wp-json\/wp\/v2\/media?parent=16648"}],"wp:term":[{"taxonomy":"category","embeddable":true,"href":"https:\/\/eldiariodesanpedro.com.ar\/sitio\/wp-json\/wp\/v2\/categories?post=16648"},{"taxonomy":"post_tag","embeddable":true,"href":"https:\/\/eldiariodesanpedro.com.ar\/sitio\/wp-json\/wp\/v2\/tags?post=16648"}],"curies":[{"name":"wp","href":"https:\/\/api.w.org\/{rel}","templated":true}]}}