{"id":16643,"date":"2017-03-29T19:29:02","date_gmt":"2017-03-29T22:29:02","guid":{"rendered":"https:\/\/eldiariodesanpedro.com.ar\/sitio\/?p=16643"},"modified":"2017-03-29T19:33:43","modified_gmt":"2017-03-29T22:33:43","slug":"san-nicolas-hay-superpoblacion-de-detenidos-en-las-comisarias-segunda-y-tercera","status":"publish","type":"post","link":"https:\/\/eldiariodesanpedro.com.ar\/sitio\/san-nicolas-hay-superpoblacion-de-detenidos-en-las-comisarias-segunda-y-tercera\/","title":{"rendered":"SAN NICOL\u00c1S: Hay superpoblaci\u00f3n de detenidos en las comisar\u00edas segunda y tercera"},"content":{"rendered":"<p><!-- VideographyWP Plugin Message: Automatic video embedding prevented by plugin options. --><br \/>\nLa superpoblaci\u00f3n de detenidos en las comisar\u00edas de la provincia de Buenos Aires asciende a casi el 200 por ciento. Seg\u00fan cifras oficiales, hay un total de 3.100 personas alojadas en dependencias policiales, las que tienen capacidad para 1.105 detenido, lo que marca un 185% de sobreocupaci\u00f3n. En San Nicol\u00e1s las comisarias Segunda y Tercera tambi\u00e9n est\u00e1n excedidas de detenidos.<\/p>\n<p>A poco m\u00e1s de tres semanas de la tragedia ocurrida en la Comisar\u00eda 1\u00ba de Pergamino, donde un incendio de colchones dej\u00f3 un saldo de siete detenidos muertos por asfixia, el ministerio de Seguridad de la provincia dio a conocer datos alarmantes sobre la cantidad de detenidos en las comisarias de la provincia de buenos Aires.<\/p>\n<p>La Red de Jueces Penales de la Provincia difundi\u00f3 una declaraci\u00f3n con cr\u00edticas al Ejecutivo bonaerense por este tema. \u201cBajo las actuales circunstancias, la permanencia de miles de detenidos en dependencias policiales genera el caldo de cultivo para tragedias que, cuanto menos, pudieron ser evitadas\u201d, dice el documento firmado por magistrados penales bonaerenses.<\/p>\n<p>La permanencia de presos en comisar\u00edas viene siendo eje de fuertes cuestionamientos a los distintos gobiernos de la Provincia desde hace d\u00e9cadas. <\/p>\n<p><strong>San Nicol\u00e1s<\/strong><\/p>\n<p>En la Comisaria Segunda hay siete detenidos, dos m\u00e1s de lo que deber\u00eda. En la Comisaria tercera son siete tambi\u00e9n los presos, pero en este caso estar\u00eda excedida por  cuatro personas debido al tama\u00f1o de la instalaci\u00f3n. Asimismo en la Comisaria Primera no hay detenidos debido a que en la misma se est\u00e1n llevando a cabo refacciones.<\/p>\n<p>El problema no es solo el exceso de detenidos sino de la manera en que afecta la labor de los efectivos ya que de esta manera los polic\u00edas bonaerenses deben cumplir tareas propias de los agentes penitenciarios, a pesar de carecer de la formaci\u00f3n e idoneidad necesarias para hacerlo. (Diario El Norte)<\/p>\n","protected":false},"excerpt":{"rendered":"<p>La superpoblaci\u00f3n de detenidos en las comisar\u00edas de la provincia de Buenos Aires asciende a casi el 200 por ciento. Seg\u00fan cifras oficiales, hay un total de 3.100 personas alojadas en dependencias policiales, las que tienen capacidad para 1.105 detenido, lo que marca un 185% de sobreocupaci\u00f3n. En San Nicol\u00e1s las comisarias Segunda y Tercera [&hellip;]<\/p>\n","protected":false},"author":4,"featured_media":16644,"comment_status":"open","ping_status":"closed","sticky":false,"template":"","format":"standard","meta":{"om_disable_all_campaigns":false,"_jetpack_memberships_contains_paid_content":false,"footnotes":""},"categories":[621],"tags":[],"class_list":["post-16643","post","type-post","status-publish","format-standard","has-post-thumbnail","hentry","category-regionales"],"aioseo_notices":[],"gutentor_comment":0,"jetpack_featured_media_url":"https:\/\/eldiariodesanpedro.com.ar\/sitio\/wp-content\/uploads\/2017\/03\/tras-las-rejas.jpg","jetpack_shortlink":"https:\/\/wp.me\/p6RhLt-4kr","jetpack_sharing_enabled":true,"_links":{"self":[{"href":"https:\/\/eldiariodesanpedro.com.ar\/sitio\/wp-json\/wp\/v2\/posts\/16643","targetHints":{"allow":["GET"]}}],"collection":[{"href":"https:\/\/eldiariodesanpedro.com.ar\/sitio\/wp-json\/wp\/v2\/posts"}],"about":[{"href":"https:\/\/eldiariodesanpedro.com.ar\/sitio\/wp-json\/wp\/v2\/types\/post"}],"author":[{"embeddable":true,"href":"https:\/\/eldiariodesanpedro.com.ar\/sitio\/wp-json\/wp\/v2\/users\/4"}],"replies":[{"embeddable":true,"href":"https:\/\/eldiariodesanpedro.com.ar\/sitio\/wp-json\/wp\/v2\/comments?post=16643"}],"version-history":[{"count":2,"href":"https:\/\/eldiariodesanpedro.com.ar\/sitio\/wp-json\/wp\/v2\/posts\/16643\/revisions"}],"predecessor-version":[{"id":16647,"href":"https:\/\/eldiariodesanpedro.com.ar\/sitio\/wp-json\/wp\/v2\/posts\/16643\/revisions\/16647"}],"wp:featuredmedia":[{"embeddable":true,"href":"https:\/\/eldiariodesanpedro.com.ar\/sitio\/wp-json\/wp\/v2\/media\/16644"}],"wp:attachment":[{"href":"https:\/\/eldiariodesanpedro.com.ar\/sitio\/wp-json\/wp\/v2\/media?parent=16643"}],"wp:term":[{"taxonomy":"category","embeddable":true,"href":"https:\/\/eldiariodesanpedro.com.ar\/sitio\/wp-json\/wp\/v2\/categories?post=16643"},{"taxonomy":"post_tag","embeddable":true,"href":"https:\/\/eldiariodesanpedro.com.ar\/sitio\/wp-json\/wp\/v2\/tags?post=16643"}],"curies":[{"name":"wp","href":"https:\/\/api.w.org\/{rel}","templated":true}]}}