{"id":16639,"date":"2017-03-29T19:27:15","date_gmt":"2017-03-29T22:27:15","guid":{"rendered":"https:\/\/eldiariodesanpedro.com.ar\/sitio\/?p=16639"},"modified":"2017-03-29T19:27:15","modified_gmt":"2017-03-29T22:27:15","slug":"baradero-allanamientos-por-robo-de-mas-de-un-millon-de-pesos","status":"publish","type":"post","link":"https:\/\/eldiariodesanpedro.com.ar\/sitio\/baradero-allanamientos-por-robo-de-mas-de-un-millon-de-pesos\/","title":{"rendered":"BARADERO: Allanamientos por robo de m\u00e1s de un mill\u00f3n de pesos"},"content":{"rendered":"<p><!-- VideographyWP Plugin Message: Automatic video embedding prevented by plugin options. --><br \/>\nEl violento robo que se desarroll\u00f3 en la madrugada del pasado mi\u00e9rcoles a un hombre mayor de edad desencaden\u00f3 allanamientos en el c\u00edrculo \u00edntimo de la familia. \u201cSe ha denunciado como faltante una suma que supera el mill\u00f3n de pesos\u201d expres\u00f3 el fiscal Hern\u00e1n Granda que lleva esta causa y brind\u00f3 detalles al respecto.<\/p>\n<p>\u201cSi hay una sospecha, se allana, y da negativo, es beneficioso para la persona allanada\u201d aclar\u00f3 el doctor Granda respecto del procedimiento que se desarroll\u00f3 en la tarde de este martes, el cual especific\u00f3 que dio como resultado negativo. Adem\u00e1s el doctor Granda agreg\u00f3: \u201cno ten\u00edamos nada desde el punto de vista personal con la persona que allanamos pero si es nuestra obligaci\u00f3n investigar todo el entorno\u201d.<\/p>\n<p>A su vez, aclar\u00f3 que surgi\u00f3 otro dato en la investigaci\u00f3n \u201ctenemos otra l\u00ednea de investigaci\u00f3n\u201d dijo y solicit\u00f3 no brindar m\u00e1s detalles al respecto para no entorpecer la misma investigaci\u00f3n.<\/p>\n<p>\u201cSe ha denunciado como faltante una suma que supera el mill\u00f3n de pesos\u201d aclar\u00f3 el fiscal y remarc\u00f3 que no es recomendable tener tanto dinero en la vivienda de un hombre mayor.<\/p>\n<p>La familia del damnificado expres\u00f3 a este medio el mismo d\u00eda del robo que se trataba de \u201cuna entregada\u201d. La hija del damnificado dijo que ten\u00edan pistas de quienes fueron y que eran conocidos de la familia. Por ese motivo, es que se investiga el entorno de la familia. (Tu L\u00ednea Directa)<\/p>\n","protected":false},"excerpt":{"rendered":"<p>El violento robo que se desarroll\u00f3 en la madrugada del pasado mi\u00e9rcoles a un hombre mayor de edad desencaden\u00f3 allanamientos en el c\u00edrculo \u00edntimo de la familia. \u201cSe ha denunciado como faltante una suma que supera el mill\u00f3n de pesos\u201d expres\u00f3 el fiscal Hern\u00e1n Granda que lleva esta causa y brind\u00f3 detalles al respecto. \u201cSi [&hellip;]<\/p>\n","protected":false},"author":4,"featured_media":16641,"comment_status":"open","ping_status":"closed","sticky":false,"template":"","format":"standard","meta":{"om_disable_all_campaigns":false,"_jetpack_memberships_contains_paid_content":false,"footnotes":""},"categories":[621],"tags":[],"class_list":["post-16639","post","type-post","status-publish","format-standard","has-post-thumbnail","hentry","category-regionales"],"aioseo_notices":[],"gutentor_comment":0,"jetpack_featured_media_url":"https:\/\/eldiariodesanpedro.com.ar\/sitio\/wp-content\/uploads\/2017\/03\/Fiscal-Hern\u00e1n-Granda.jpg","jetpack_shortlink":"https:\/\/wp.me\/p6RhLt-4kn","jetpack_sharing_enabled":true,"_links":{"self":[{"href":"https:\/\/eldiariodesanpedro.com.ar\/sitio\/wp-json\/wp\/v2\/posts\/16639","targetHints":{"allow":["GET"]}}],"collection":[{"href":"https:\/\/eldiariodesanpedro.com.ar\/sitio\/wp-json\/wp\/v2\/posts"}],"about":[{"href":"https:\/\/eldiariodesanpedro.com.ar\/sitio\/wp-json\/wp\/v2\/types\/post"}],"author":[{"embeddable":true,"href":"https:\/\/eldiariodesanpedro.com.ar\/sitio\/wp-json\/wp\/v2\/users\/4"}],"replies":[{"embeddable":true,"href":"https:\/\/eldiariodesanpedro.com.ar\/sitio\/wp-json\/wp\/v2\/comments?post=16639"}],"version-history":[{"count":1,"href":"https:\/\/eldiariodesanpedro.com.ar\/sitio\/wp-json\/wp\/v2\/posts\/16639\/revisions"}],"predecessor-version":[{"id":16642,"href":"https:\/\/eldiariodesanpedro.com.ar\/sitio\/wp-json\/wp\/v2\/posts\/16639\/revisions\/16642"}],"wp:featuredmedia":[{"embeddable":true,"href":"https:\/\/eldiariodesanpedro.com.ar\/sitio\/wp-json\/wp\/v2\/media\/16641"}],"wp:attachment":[{"href":"https:\/\/eldiariodesanpedro.com.ar\/sitio\/wp-json\/wp\/v2\/media?parent=16639"}],"wp:term":[{"taxonomy":"category","embeddable":true,"href":"https:\/\/eldiariodesanpedro.com.ar\/sitio\/wp-json\/wp\/v2\/categories?post=16639"},{"taxonomy":"post_tag","embeddable":true,"href":"https:\/\/eldiariodesanpedro.com.ar\/sitio\/wp-json\/wp\/v2\/tags?post=16639"}],"curies":[{"name":"wp","href":"https:\/\/api.w.org\/{rel}","templated":true}]}}