{"id":16634,"date":"2017-03-29T19:13:11","date_gmt":"2017-03-29T22:13:11","guid":{"rendered":"https:\/\/eldiariodesanpedro.com.ar\/sitio\/?p=16634"},"modified":"2017-03-29T20:04:10","modified_gmt":"2017-03-29T23:04:10","slug":"un-inspector-municipal-agredio-a-su-pareja","status":"publish","type":"post","link":"https:\/\/eldiariodesanpedro.com.ar\/sitio\/un-inspector-municipal-agredio-a-su-pareja\/","title":{"rendered":"Un inspector municipal agredi\u00f3 a su pareja"},"content":{"rendered":"<p><!-- VideographyWP Plugin Message: Automatic video embedding prevented by plugin options. --><br \/>\nLa denuncia fue radicada en la tarde de ayer en la Comisar\u00eda de la Mujer. Seg\u00fan consta en la presentaci\u00f3n, la v\u00edctima del hecho mantuvo una discusi\u00f3n con su pareja, quien se trata de un inspector municipal, que la golpe\u00f3 dentro de la vivienda cuando le pidi\u00f3 que se retire terminando la relaci\u00f3n entre ambos. No contento con eso a su vez la roci\u00f3 con aceite para veh\u00edculo y luego de ello sin mediar palabras, tom\u00f3 sus pertenencias y dej\u00f3 el lugar.<\/p>\n<p>En tanto la mujer dej\u00f3 asentado a su vez para que la Justicia tome cartas en el asunto que ya hab\u00edan ocurrido otros hechos violentos. Expres\u00f3 que en ocasiones la hab\u00eda tomado del cuello tras haber discutido pero en esa oportunidad no hab\u00eda hecho la denuncia.<\/p>\n<p>En tanto que a su vez tom\u00f3 intervenci\u00f3n el equipo interdisciplinario de la Municipalidad de San Pedro (SPVF) para dar contenci\u00f3n a la mujer por lo sucedido.<\/p>\n","protected":false},"excerpt":{"rendered":"<p>La denuncia fue radicada en la tarde de ayer en la Comisar\u00eda de la Mujer. Seg\u00fan consta en la presentaci\u00f3n, la v\u00edctima del hecho mantuvo una discusi\u00f3n con su pareja, quien se trata de un inspector municipal, que la golpe\u00f3 dentro de la vivienda cuando le pidi\u00f3 que se retire terminando la relaci\u00f3n entre ambos. [&hellip;]<\/p>\n","protected":false},"author":4,"featured_media":16640,"comment_status":"open","ping_status":"closed","sticky":false,"template":"","format":"standard","meta":{"om_disable_all_campaigns":false,"_jetpack_memberships_contains_paid_content":false,"footnotes":""},"categories":[50,2,103],"tags":[],"class_list":["post-16634","post","type-post","status-publish","format-standard","has-post-thumbnail","hentry","category-destacadas","category-locales","category-policiales-locales"],"aioseo_notices":[],"gutentor_comment":0,"jetpack_featured_media_url":"https:\/\/eldiariodesanpedro.com.ar\/sitio\/wp-content\/uploads\/2017\/03\/DSC_0005-e1490826028461.jpg","jetpack_shortlink":"https:\/\/wp.me\/p6RhLt-4ki","jetpack_sharing_enabled":true,"_links":{"self":[{"href":"https:\/\/eldiariodesanpedro.com.ar\/sitio\/wp-json\/wp\/v2\/posts\/16634","targetHints":{"allow":["GET"]}}],"collection":[{"href":"https:\/\/eldiariodesanpedro.com.ar\/sitio\/wp-json\/wp\/v2\/posts"}],"about":[{"href":"https:\/\/eldiariodesanpedro.com.ar\/sitio\/wp-json\/wp\/v2\/types\/post"}],"author":[{"embeddable":true,"href":"https:\/\/eldiariodesanpedro.com.ar\/sitio\/wp-json\/wp\/v2\/users\/4"}],"replies":[{"embeddable":true,"href":"https:\/\/eldiariodesanpedro.com.ar\/sitio\/wp-json\/wp\/v2\/comments?post=16634"}],"version-history":[{"count":1,"href":"https:\/\/eldiariodesanpedro.com.ar\/sitio\/wp-json\/wp\/v2\/posts\/16634\/revisions"}],"predecessor-version":[{"id":16636,"href":"https:\/\/eldiariodesanpedro.com.ar\/sitio\/wp-json\/wp\/v2\/posts\/16634\/revisions\/16636"}],"wp:featuredmedia":[{"embeddable":true,"href":"https:\/\/eldiariodesanpedro.com.ar\/sitio\/wp-json\/wp\/v2\/media\/16640"}],"wp:attachment":[{"href":"https:\/\/eldiariodesanpedro.com.ar\/sitio\/wp-json\/wp\/v2\/media?parent=16634"}],"wp:term":[{"taxonomy":"category","embeddable":true,"href":"https:\/\/eldiariodesanpedro.com.ar\/sitio\/wp-json\/wp\/v2\/categories?post=16634"},{"taxonomy":"post_tag","embeddable":true,"href":"https:\/\/eldiariodesanpedro.com.ar\/sitio\/wp-json\/wp\/v2\/tags?post=16634"}],"curies":[{"name":"wp","href":"https:\/\/api.w.org\/{rel}","templated":true}]}}