{"id":16633,"date":"2017-03-29T19:01:20","date_gmt":"2017-03-29T22:01:20","guid":{"rendered":"https:\/\/eldiariodesanpedro.com.ar\/sitio\/?p=16633"},"modified":"2017-03-29T19:01:20","modified_gmt":"2017-03-29T22:01:20","slug":"la-policia-detuvo-a-una-ladron-que-pretendia-robar-en-una-propiedad","status":"publish","type":"post","link":"https:\/\/eldiariodesanpedro.com.ar\/sitio\/la-policia-detuvo-a-una-ladron-que-pretendia-robar-en-una-propiedad\/","title":{"rendered":"La polic\u00eda detuvo a una ladr\u00f3n que pretend\u00eda robar en una propiedad"},"content":{"rendered":"<p><!-- VideographyWP Plugin Message: Automatic video embedding prevented by plugin options. --><br \/>\nCerca de las 2.30 hs. un patrullero lleg\u00f3 hasta Depietri 895, alertado por un vecino, y all\u00ed se pudo constatar que un delincuente, mayor de edad, se encontraba tratando de abrir el port\u00f3n de garaje de la vivienda mediante la utilizaci\u00f3n de una barreta.<\/p>\n<p>El mismo fue trasladado a la comisar\u00eda local y qued\u00f3 alojado a disposici\u00f3n de la UFI N\u00ba 11 la que dispuso su aprehensi\u00f3n \u201cRobo Agravado en Grado de Tentativa y Aprensi\u00f3n\u201d. En la ma\u00f1ana de este mi\u00e9rcoles fue trasladado a la sede judicial.<\/p>\n","protected":false},"excerpt":{"rendered":"<p>Cerca de las 2.30 hs. un patrullero lleg\u00f3 hasta Depietri 895, alertado por un vecino, y all\u00ed se pudo constatar que un delincuente, mayor de edad, se encontraba tratando de abrir el port\u00f3n de garaje de la vivienda mediante la utilizaci\u00f3n de una barreta. El mismo fue trasladado a la comisar\u00eda local y qued\u00f3 alojado [&hellip;]<\/p>\n","protected":false},"author":4,"featured_media":4713,"comment_status":"open","ping_status":"closed","sticky":false,"template":"","format":"standard","meta":{"om_disable_all_campaigns":false,"_jetpack_memberships_contains_paid_content":false,"footnotes":""},"categories":[2,103],"tags":[],"class_list":["post-16633","post","type-post","status-publish","format-standard","has-post-thumbnail","hentry","category-locales","category-policiales-locales"],"aioseo_notices":[],"gutentor_comment":0,"jetpack_featured_media_url":"https:\/\/eldiariodesanpedro.com.ar\/sitio\/wp-content\/uploads\/2016\/05\/detenido.jpg","jetpack_shortlink":"https:\/\/wp.me\/p6RhLt-4kh","jetpack_sharing_enabled":true,"_links":{"self":[{"href":"https:\/\/eldiariodesanpedro.com.ar\/sitio\/wp-json\/wp\/v2\/posts\/16633","targetHints":{"allow":["GET"]}}],"collection":[{"href":"https:\/\/eldiariodesanpedro.com.ar\/sitio\/wp-json\/wp\/v2\/posts"}],"about":[{"href":"https:\/\/eldiariodesanpedro.com.ar\/sitio\/wp-json\/wp\/v2\/types\/post"}],"author":[{"embeddable":true,"href":"https:\/\/eldiariodesanpedro.com.ar\/sitio\/wp-json\/wp\/v2\/users\/4"}],"replies":[{"embeddable":true,"href":"https:\/\/eldiariodesanpedro.com.ar\/sitio\/wp-json\/wp\/v2\/comments?post=16633"}],"version-history":[{"count":1,"href":"https:\/\/eldiariodesanpedro.com.ar\/sitio\/wp-json\/wp\/v2\/posts\/16633\/revisions"}],"predecessor-version":[{"id":16635,"href":"https:\/\/eldiariodesanpedro.com.ar\/sitio\/wp-json\/wp\/v2\/posts\/16633\/revisions\/16635"}],"wp:featuredmedia":[{"embeddable":true,"href":"https:\/\/eldiariodesanpedro.com.ar\/sitio\/wp-json\/wp\/v2\/media\/4713"}],"wp:attachment":[{"href":"https:\/\/eldiariodesanpedro.com.ar\/sitio\/wp-json\/wp\/v2\/media?parent=16633"}],"wp:term":[{"taxonomy":"category","embeddable":true,"href":"https:\/\/eldiariodesanpedro.com.ar\/sitio\/wp-json\/wp\/v2\/categories?post=16633"},{"taxonomy":"post_tag","embeddable":true,"href":"https:\/\/eldiariodesanpedro.com.ar\/sitio\/wp-json\/wp\/v2\/tags?post=16633"}],"curies":[{"name":"wp","href":"https:\/\/api.w.org\/{rel}","templated":true}]}}