{"id":16629,"date":"2017-03-29T10:01:15","date_gmt":"2017-03-29T13:01:15","guid":{"rendered":"https:\/\/eldiariodesanpedro.com.ar\/sitio\/?p=16629"},"modified":"2017-03-29T10:01:15","modified_gmt":"2017-03-29T13:01:15","slug":"las-cooperativas-electricas-comprometidas-ante-el-retraso-tarifario","status":"publish","type":"post","link":"https:\/\/eldiariodesanpedro.com.ar\/sitio\/las-cooperativas-electricas-comprometidas-ante-el-retraso-tarifario\/","title":{"rendered":"Las Cooperativas El\u00e9ctricas comprometidas ante el retraso tarifario"},"content":{"rendered":"<p><!-- VideographyWP Plugin Message: Automatic video embedding prevented by plugin options. --><br \/>\nDesde COOPSER compartimos la preocupaci\u00f3n difundida recientemente por parte de representantes de las entidades que nuclean a cooperativas similares, ante la postergaci\u00f3n del cronograma de ajuste tarifario que obliga a pagar en el mercado mayorista, valores que moment\u00e1neamente no est\u00e1n siendo facturados a los socios.<\/p>\n<p>La Asociaci\u00f3n de Prestadores El\u00e9ctricos bonaerenses (APEBA) que re\u00fane a la mayor\u00eda de las cooperativas que prestan servicio en el interior provincial y agrupa a concesionarias municipales de distribuci\u00f3n de energ\u00eda el\u00e9ctrica del \u00e1mbito de la Provincia de Buenos Aires, expres\u00f3 que \u201clas Cooperativas el\u00e9ctricas del interior bonaerense afrontan p\u00e9rdidas millonarias a ra\u00edz de la decisi\u00f3n del Gobierno de postergar los aumentos tarifarios para la provincia de Buenos Aires, pese a que las prestadoras reciben desde hace dos meses el incremento en el precio mayorista\u201d.<\/p>\n<p>Denunci\u00f3 que se est\u00e1 \u201ctrabajando a p\u00e9rdida\u201d desde febrero pasado, a ra\u00edz de la decisi\u00f3n del gobierno nacional de incrementar entre un 90 y un 100 por ciento el costo mayorista de electricidad que distribuye la empresa estatal Cammesa.<\/p>\n<p>El Gobierno bonaerense decidi\u00f3 frenar hasta nuevo aviso la autorizaci\u00f3n para que las prestadoras bonaerenses incrementen el precio minorista, por lo que las cooperativas no pueden trasladar el incremento a los usuarios y deben hacerse cargo de la diferencia.<\/p>\n<p>El titular de Apeba y presidente de la Cooperativa El\u00e9ctrica de Tres Arroyos (Celta), Nicol\u00e1s Ambrosius, declar\u00f3 a la agencia de noticias DIB que el sector est\u00e1 \u201cmuy preocupado\u201d por la situaci\u00f3n y explic\u00f3 que \u201ctenemos que absorber esos costos y no lo podemos trasladar a los usuarios hasta tanto no salga el nuevo cuadro tarifario\u201d.<\/p>\n<p>M\u00e1s all\u00e1 de cada situaci\u00f3n puntual la \u00faltima informaci\u00f3n oficial recibida indica que se est\u00e1n revisando \u201caspectos t\u00e9cnicos\u201d del nuevo cuadro tarifario.<\/p>\n<p>Las federaciones de cooperativas enviaron una carta al ministro de Infraestructura, Roberto Gigante, solicitando una \u201cr\u00e1pida soluci\u00f3n\u201d al reclamo. All\u00ed sostuvieron que este desfasaje \u201cpone en riesgo el servicio\u201d, por lo que solicitaron un \u201ctrato responsable\u201d a la problem\u00e1tica.<\/p>\n<p>En el caso de COOPSER este defasaje representa un monto sumamente importante ya que se est\u00e1 abonando aproximadamente un 80% m\u00e1s por el mismo consumo. En n\u00fameros, de 6.500.000 $ que se abonaba por el mismo consumo, ahora se deben pagar $ 11.500.000.<\/p>\n","protected":false},"excerpt":{"rendered":"<p>Desde COOPSER compartimos la preocupaci\u00f3n difundida recientemente por parte de representantes de las entidades que nuclean a cooperativas similares, ante la postergaci\u00f3n del cronograma de ajuste tarifario que obliga a pagar en el mercado mayorista, valores que moment\u00e1neamente no est\u00e1n siendo facturados a los socios. La Asociaci\u00f3n de Prestadores El\u00e9ctricos bonaerenses (APEBA) que re\u00fane a [&hellip;]<\/p>\n","protected":false},"author":4,"featured_media":6360,"comment_status":"open","ping_status":"closed","sticky":false,"template":"","format":"standard","meta":{"om_disable_all_campaigns":false,"_jetpack_memberships_contains_paid_content":false,"footnotes":""},"categories":[101,2],"tags":[],"class_list":["post-16629","post","type-post","status-publish","format-standard","has-post-thumbnail","hentry","category-interes-general-locales","category-locales"],"aioseo_notices":[],"gutentor_comment":0,"jetpack_featured_media_url":"https:\/\/eldiariodesanpedro.com.ar\/sitio\/wp-content\/uploads\/2016\/07\/coopser.jpg","jetpack_shortlink":"https:\/\/wp.me\/p6RhLt-4kd","jetpack_sharing_enabled":true,"_links":{"self":[{"href":"https:\/\/eldiariodesanpedro.com.ar\/sitio\/wp-json\/wp\/v2\/posts\/16629","targetHints":{"allow":["GET"]}}],"collection":[{"href":"https:\/\/eldiariodesanpedro.com.ar\/sitio\/wp-json\/wp\/v2\/posts"}],"about":[{"href":"https:\/\/eldiariodesanpedro.com.ar\/sitio\/wp-json\/wp\/v2\/types\/post"}],"author":[{"embeddable":true,"href":"https:\/\/eldiariodesanpedro.com.ar\/sitio\/wp-json\/wp\/v2\/users\/4"}],"replies":[{"embeddable":true,"href":"https:\/\/eldiariodesanpedro.com.ar\/sitio\/wp-json\/wp\/v2\/comments?post=16629"}],"version-history":[{"count":1,"href":"https:\/\/eldiariodesanpedro.com.ar\/sitio\/wp-json\/wp\/v2\/posts\/16629\/revisions"}],"predecessor-version":[{"id":16630,"href":"https:\/\/eldiariodesanpedro.com.ar\/sitio\/wp-json\/wp\/v2\/posts\/16629\/revisions\/16630"}],"wp:featuredmedia":[{"embeddable":true,"href":"https:\/\/eldiariodesanpedro.com.ar\/sitio\/wp-json\/wp\/v2\/media\/6360"}],"wp:attachment":[{"href":"https:\/\/eldiariodesanpedro.com.ar\/sitio\/wp-json\/wp\/v2\/media?parent=16629"}],"wp:term":[{"taxonomy":"category","embeddable":true,"href":"https:\/\/eldiariodesanpedro.com.ar\/sitio\/wp-json\/wp\/v2\/categories?post=16629"},{"taxonomy":"post_tag","embeddable":true,"href":"https:\/\/eldiariodesanpedro.com.ar\/sitio\/wp-json\/wp\/v2\/tags?post=16629"}],"curies":[{"name":"wp","href":"https:\/\/api.w.org\/{rel}","templated":true}]}}