{"id":16626,"date":"2017-03-29T09:50:14","date_gmt":"2017-03-29T12:50:14","guid":{"rendered":"https:\/\/eldiariodesanpedro.com.ar\/sitio\/?p=16626"},"modified":"2017-03-29T09:50:14","modified_gmt":"2017-03-29T12:50:14","slug":"presentacion-de-cursos-en-el-cic","status":"publish","type":"post","link":"https:\/\/eldiariodesanpedro.com.ar\/sitio\/presentacion-de-cursos-en-el-cic\/","title":{"rendered":"Presentaci\u00f3n de cursos en el CIC"},"content":{"rendered":"<p><!-- VideographyWP Plugin Message: Automatic video embedding prevented by plugin options. --><br \/>\nEste mi\u00e9rcoles 29 de marzo a las 11.00 el Intendente Municipal Cecilio Salazar, el Secretario de Planificaci\u00f3n Alfredo Camilletti y representantes de UOCRA San Pedro presentar\u00e1n los cursos de Carpinter\u00eda para la Construcci\u00f3n y armado que dictar en el CIC.<\/p>\n","protected":false},"excerpt":{"rendered":"<p>Este mi\u00e9rcoles 29 de marzo a las 11.00 el Intendente Municipal Cecilio Salazar, el Secretario de Planificaci\u00f3n Alfredo Camilletti y representantes de UOCRA San Pedro presentar\u00e1n los cursos de Carpinter\u00eda para la Construcci\u00f3n y armado que dictar en el CIC.<\/p>\n","protected":false},"author":4,"featured_media":16627,"comment_status":"open","ping_status":"closed","sticky":false,"template":"","format":"standard","meta":{"om_disable_all_campaigns":false,"_jetpack_memberships_contains_paid_content":false,"footnotes":""},"categories":[101,2],"tags":[],"class_list":["post-16626","post","type-post","status-publish","format-standard","has-post-thumbnail","hentry","category-interes-general-locales","category-locales"],"aioseo_notices":[],"gutentor_comment":0,"jetpack_featured_media_url":"https:\/\/eldiariodesanpedro.com.ar\/sitio\/wp-content\/uploads\/2017\/03\/UOCRA.jpg","jetpack_shortlink":"https:\/\/wp.me\/p6RhLt-4ka","jetpack_sharing_enabled":true,"_links":{"self":[{"href":"https:\/\/eldiariodesanpedro.com.ar\/sitio\/wp-json\/wp\/v2\/posts\/16626","targetHints":{"allow":["GET"]}}],"collection":[{"href":"https:\/\/eldiariodesanpedro.com.ar\/sitio\/wp-json\/wp\/v2\/posts"}],"about":[{"href":"https:\/\/eldiariodesanpedro.com.ar\/sitio\/wp-json\/wp\/v2\/types\/post"}],"author":[{"embeddable":true,"href":"https:\/\/eldiariodesanpedro.com.ar\/sitio\/wp-json\/wp\/v2\/users\/4"}],"replies":[{"embeddable":true,"href":"https:\/\/eldiariodesanpedro.com.ar\/sitio\/wp-json\/wp\/v2\/comments?post=16626"}],"version-history":[{"count":1,"href":"https:\/\/eldiariodesanpedro.com.ar\/sitio\/wp-json\/wp\/v2\/posts\/16626\/revisions"}],"predecessor-version":[{"id":16628,"href":"https:\/\/eldiariodesanpedro.com.ar\/sitio\/wp-json\/wp\/v2\/posts\/16626\/revisions\/16628"}],"wp:featuredmedia":[{"embeddable":true,"href":"https:\/\/eldiariodesanpedro.com.ar\/sitio\/wp-json\/wp\/v2\/media\/16627"}],"wp:attachment":[{"href":"https:\/\/eldiariodesanpedro.com.ar\/sitio\/wp-json\/wp\/v2\/media?parent=16626"}],"wp:term":[{"taxonomy":"category","embeddable":true,"href":"https:\/\/eldiariodesanpedro.com.ar\/sitio\/wp-json\/wp\/v2\/categories?post=16626"},{"taxonomy":"post_tag","embeddable":true,"href":"https:\/\/eldiariodesanpedro.com.ar\/sitio\/wp-json\/wp\/v2\/tags?post=16626"}],"curies":[{"name":"wp","href":"https:\/\/api.w.org\/{rel}","templated":true}]}}