{"id":16623,"date":"2017-03-29T09:22:09","date_gmt":"2017-03-29T12:22:09","guid":{"rendered":"https:\/\/eldiariodesanpedro.com.ar\/sitio\/?p=16623"},"modified":"2017-03-29T09:22:09","modified_gmt":"2017-03-29T12:22:09","slug":"una-joven-de-13-anos-se-quito-la-vida","status":"publish","type":"post","link":"https:\/\/eldiariodesanpedro.com.ar\/sitio\/una-joven-de-13-anos-se-quito-la-vida\/","title":{"rendered":"Una joven de 13 a\u00f1os se quito la vida"},"content":{"rendered":"<p><!-- VideographyWP Plugin Message: Automatic video embedding prevented by plugin options. --><br \/>\nEn la madrugada se hoy alrededor de la 01:00 hs se conoci\u00f3 la tr\u00e1gica noticia de que una joven de 13 a\u00f1os de edad se habr\u00eda quitado la vida. <\/p>\n<p>En el domicilio ubicado en calle Fray del pozo al 2000 por causas que se desconocen esta joven tom\u00f3 esta mala decisi\u00f3n colgandose con un cord\u00f3n de la reja de una ventana de la cocina. <\/p>\n<p>La joven no dej\u00f3 nota ni indicios del motivo se su fallecimiento. <\/p>\n<p> Se present\u00f3 en el lugar la Dra. Berzas c\u00f3nica perteneciente a la UFI N\u00b0 11, quien recepcion\u00f3 declaraciones testimoniales con el fin de lograr esclarecer lo ocurrido. <\/p>\n<p>Cabe destacar que para todas las personas que est\u00e1n atravesando un mal momento y piensan tomar esta decisi\u00f3n existe una l\u00ednea de comunicaci\u00f3n donde podr\u00e1n ser escuchados y tratar\u00e1n de ayudarlos. <\/p>\n<p>La L\u00ednea de prevenci\u00f3n del suicidio si usted, o alg\u00fan familiar o allegado suyo, est\u00e1 atravesando una crisis emocional de cualquier tipo, siente que nada tiene sentido o se encuentra atrapado en una situaci\u00f3n a la que no le encuentra salida, no dude en llamar al 135<br \/>\n (l\u00ednea gratuita desde Capital y Gran Buenos Aires)   \u00f3 bien al (011) 5275-1135 (desde todo el pa\u00eds) su llamado es personal, confidencial y an\u00f3nimo.<\/p>\n","protected":false},"excerpt":{"rendered":"<p>En la madrugada se hoy alrededor de la 01:00 hs se conoci\u00f3 la tr\u00e1gica noticia de que una joven de 13 a\u00f1os de edad se habr\u00eda quitado la vida. En el domicilio ubicado en calle Fray del pozo al 2000 por causas que se desconocen esta joven tom\u00f3 esta mala decisi\u00f3n colgandose con un cord\u00f3n [&hellip;]<\/p>\n","protected":false},"author":4,"featured_media":13373,"comment_status":"open","ping_status":"closed","sticky":false,"template":"","format":"standard","meta":{"om_disable_all_campaigns":false,"_jetpack_memberships_contains_paid_content":false,"footnotes":""},"categories":[2,103],"tags":[],"class_list":["post-16623","post","type-post","status-publish","format-standard","has-post-thumbnail","hentry","category-locales","category-policiales-locales"],"aioseo_notices":[],"gutentor_comment":0,"jetpack_featured_media_url":"https:\/\/eldiariodesanpedro.com.ar\/sitio\/wp-content\/uploads\/2017\/01\/patrulla-5-e1485286136348.jpg","jetpack_shortlink":"https:\/\/wp.me\/p6RhLt-4k7","jetpack_sharing_enabled":true,"_links":{"self":[{"href":"https:\/\/eldiariodesanpedro.com.ar\/sitio\/wp-json\/wp\/v2\/posts\/16623","targetHints":{"allow":["GET"]}}],"collection":[{"href":"https:\/\/eldiariodesanpedro.com.ar\/sitio\/wp-json\/wp\/v2\/posts"}],"about":[{"href":"https:\/\/eldiariodesanpedro.com.ar\/sitio\/wp-json\/wp\/v2\/types\/post"}],"author":[{"embeddable":true,"href":"https:\/\/eldiariodesanpedro.com.ar\/sitio\/wp-json\/wp\/v2\/users\/4"}],"replies":[{"embeddable":true,"href":"https:\/\/eldiariodesanpedro.com.ar\/sitio\/wp-json\/wp\/v2\/comments?post=16623"}],"version-history":[{"count":1,"href":"https:\/\/eldiariodesanpedro.com.ar\/sitio\/wp-json\/wp\/v2\/posts\/16623\/revisions"}],"predecessor-version":[{"id":16625,"href":"https:\/\/eldiariodesanpedro.com.ar\/sitio\/wp-json\/wp\/v2\/posts\/16623\/revisions\/16625"}],"wp:featuredmedia":[{"embeddable":true,"href":"https:\/\/eldiariodesanpedro.com.ar\/sitio\/wp-json\/wp\/v2\/media\/13373"}],"wp:attachment":[{"href":"https:\/\/eldiariodesanpedro.com.ar\/sitio\/wp-json\/wp\/v2\/media?parent=16623"}],"wp:term":[{"taxonomy":"category","embeddable":true,"href":"https:\/\/eldiariodesanpedro.com.ar\/sitio\/wp-json\/wp\/v2\/categories?post=16623"},{"taxonomy":"post_tag","embeddable":true,"href":"https:\/\/eldiariodesanpedro.com.ar\/sitio\/wp-json\/wp\/v2\/tags?post=16623"}],"curies":[{"name":"wp","href":"https:\/\/api.w.org\/{rel}","templated":true}]}}