{"id":16612,"date":"2017-03-28T20:51:16","date_gmt":"2017-03-28T23:51:16","guid":{"rendered":"https:\/\/eldiariodesanpedro.com.ar\/sitio\/?p=16612"},"modified":"2026-01-24T00:26:49","modified_gmt":"2026-01-24T03:26:49","slug":"ciclismo-ii-en-san-andres-de-giles-interesante-programa-con-triunfos-de-basualdo-y-rivero","status":"publish","type":"post","link":"https:\/\/eldiariodesanpedro.com.ar\/sitio\/ciclismo-ii-en-san-andres-de-giles-interesante-programa-con-triunfos-de-basualdo-y-rivero\/","title":{"rendered":"CICLISMO II: En San Andr\u00e9s de Giles interesante programa con triunfos de Basualdo y Rivero"},"content":{"rendered":"<p><!-- VideographyWP Plugin Message: Automatic video embedding prevented by plugin options. --><br \/>\nEl \u00faltimo viernes en el Circuito del Parque Municipal de San Andr\u00e9s de Giles y organizado por la Agrupaci\u00f3n Ciclista local, se llev\u00f3 a cabo un interesante programa con muy buena participaci\u00f3n de corredores. Cerca de 400 fueron los inscriptos, sumados en las planillas de las categor\u00edas desarrolladas.<\/p>\n<p>  Clima agradable, p\u00fablico colmando las instalaciones del predio y un espect\u00e1culo competitivo de gran nivel; \u00abEl Cl\u00e1sico, a rueda del pelot\u00f3n\u00bb, acent\u00faa el gran desempe\u00f1o del nutrido grupo de representantes de San Pedro y subrayamos el 2do. lugar, logrado en categor\u00eda Promocional por Agust\u00edn Basualdo y los brillantes triunfos de \u00abManolo\u00bb Rivero y Cristian Basualdo en Infantiles y M\u00e1ster \u201cB\u201d respectivamente.<\/p>\n<p><strong>Los resultados registrados durante la jornada del viernes 24 de marzo, fueron estos:<\/strong><\/p>\n<p><em>M\u00e1ster \u00abD-1\u00bb<\/em><br \/>\n1\u00b0 Roberto G\u00f3mez (Capilla del Se\u00f1or)<\/p>\n<p><em>M\u00e1ster \u00abD-2\u00bb<\/em><br \/>\n1\u00b0 Miguel Moreno (Magdalena)<\/p>\n<p><em>Debutantes<\/em><br \/>\n1\u00b0 Sergio Costa<\/p>\n<p><em>Infantiles<\/em><br \/>\n2011\/12<br \/>\n1\u00b0 Jos\u00e9 Migueles<\/p>\n<p><em>2009\/10<\/em><br \/>\n1\u00b0 Manuel Rivero (San Pedro)<br \/>\n2\u00b0 Antonella Depresa (Ituzaing\u00f3)<br \/>\n3\u00b0 Mirko L\u00f3pez (Isidro Casanova)<br \/>\n4\u00b0 Felipe Galv\u00e1n (Lobos)<br \/>\n5\u00b0 Mat\u00edas Acu\u00f1a<\/p>\n<p><em>2007\/08<\/em><br \/>\n1\u00b0 Malena Aliendro (San Andr\u00e9s de giles)<\/p>\n<p><em>2005\/06<\/em><br \/>\n1\u00b0 Lautaro Eizmendi (Lobos)<\/p>\n<p><em>2003\/2004<\/em><br \/>\n1\u00b0 Santiago Est\u00e9vez (Trenque Lauquen)<\/p>\n<p><em>M\u00e1ster \u00abC\u00bb<\/em><br \/>\n1\u00b0 Jorge Gallo (Pergamino)<\/p>\n<p><em>Damas<\/em><br \/>\n1\u00aa Daiana Moretini (Salto)<\/p>\n<p><em>Promocionales<\/em><br \/>\n1\u00b0 Diego Navas (Las Flores)<br \/>\n2\u00b0 Agust\u00edn Basualdo (San Pedro)<br \/>\n3\u00b0 Fernando Ver\u00f3n (Moreno)<br \/>\n4\u00b0 Juan Manzour (Saladillo)<br \/>\n5\u00b0 Facundo Fern\u00e1ndez (Las Flores)<\/p>\n<p><em>M\u00e1ster \u00abB\u00bb<\/em><br \/>\n1\u00b0 Cristian Basualdo (San Pedro)<br \/>\n2\u00b0 Alejandro Ramundo (Adrogu\u00e9)<br \/>\n3\u00b0 Mart\u00edn Garrocho (Lobos)<br \/>\n4\u00b0 Nelson Carrizo (Berazategui)<br \/>\n5\u00b0 Diego Pulido (San Miguel)<\/p>\n<p><em>M\u00e1ster \u00abA\u00bb<\/em><br \/>\n1\u00b0 Mart\u00edn Flores (Villa Ballester)<\/p>\n<p><em>Elite y Sub 23<\/em><br \/>\n1\u00b0 Juli\u00e1n Gaday &#8211; Esco Agroplan &#8211; Los Cascos (Luis Guill\u00f3n)<br \/>\n2\u00b0 Juan Mart\u00edn Bold\u00fa &#8211; Esco Agroplan &#8211; Los Cascos (San Andr\u00e9s de Giles)<br \/>\n3\u00b0 Norberto Oviedo &#8211; Ciudad de (Chivilcoy)<\/p>\n","protected":false},"excerpt":{"rendered":"<p>El \u00faltimo viernes en el Circuito del Parque Municipal de San Andr\u00e9s de Giles y organizado por la Agrupaci\u00f3n Ciclista local, se llev\u00f3 a cabo un interesante programa con muy buena participaci\u00f3n de corredores. Cerca de 400 fueron los inscriptos, sumados en las planillas de las categor\u00edas desarrolladas. Clima agradable, p\u00fablico colmando las instalaciones del [&hellip;]<\/p>\n","protected":false},"author":4,"featured_media":16615,"comment_status":"open","ping_status":"closed","sticky":false,"template":"","format":"standard","meta":{"om_disable_all_campaigns":false,"_jetpack_memberships_contains_paid_content":false,"footnotes":""},"categories":[5],"tags":[],"class_list":["post-16612","post","type-post","status-publish","format-standard","has-post-thumbnail","hentry","category-deportes"],"aioseo_notices":[],"gutentor_comment":0,"jetpack_featured_media_url":"https:\/\/eldiariodesanpedro.com.ar\/sitio\/wp-content\/uploads\/2017\/03\/En-infantiles-Manuel-Rivero-comienza-a-destacarse-1.jpg","jetpack_shortlink":"https:\/\/wp.me\/p6RhLt-4jW","jetpack_sharing_enabled":true,"_links":{"self":[{"href":"https:\/\/eldiariodesanpedro.com.ar\/sitio\/wp-json\/wp\/v2\/posts\/16612","targetHints":{"allow":["GET"]}}],"collection":[{"href":"https:\/\/eldiariodesanpedro.com.ar\/sitio\/wp-json\/wp\/v2\/posts"}],"about":[{"href":"https:\/\/eldiariodesanpedro.com.ar\/sitio\/wp-json\/wp\/v2\/types\/post"}],"author":[{"embeddable":true,"href":"https:\/\/eldiariodesanpedro.com.ar\/sitio\/wp-json\/wp\/v2\/users\/4"}],"replies":[{"embeddable":true,"href":"https:\/\/eldiariodesanpedro.com.ar\/sitio\/wp-json\/wp\/v2\/comments?post=16612"}],"version-history":[{"count":1,"href":"https:\/\/eldiariodesanpedro.com.ar\/sitio\/wp-json\/wp\/v2\/posts\/16612\/revisions"}],"predecessor-version":[{"id":16614,"href":"https:\/\/eldiariodesanpedro.com.ar\/sitio\/wp-json\/wp\/v2\/posts\/16612\/revisions\/16614"}],"wp:featuredmedia":[{"embeddable":true,"href":"https:\/\/eldiariodesanpedro.com.ar\/sitio\/wp-json\/wp\/v2\/media\/16615"}],"wp:attachment":[{"href":"https:\/\/eldiariodesanpedro.com.ar\/sitio\/wp-json\/wp\/v2\/media?parent=16612"}],"wp:term":[{"taxonomy":"category","embeddable":true,"href":"https:\/\/eldiariodesanpedro.com.ar\/sitio\/wp-json\/wp\/v2\/categories?post=16612"},{"taxonomy":"post_tag","embeddable":true,"href":"https:\/\/eldiariodesanpedro.com.ar\/sitio\/wp-json\/wp\/v2\/tags?post=16612"}],"curies":[{"name":"wp","href":"https:\/\/api.w.org\/{rel}","templated":true}]}}