{"id":16536,"date":"2017-03-27T20:11:19","date_gmt":"2017-03-27T23:11:19","guid":{"rendered":"https:\/\/eldiariodesanpedro.com.ar\/sitio\/?p=16536"},"modified":"2017-03-27T20:11:20","modified_gmt":"2017-03-27T23:11:20","slug":"continua-la-inscripcion-al-curso-de-aspirante-a-bombero-voluntario","status":"publish","type":"post","link":"https:\/\/eldiariodesanpedro.com.ar\/sitio\/continua-la-inscripcion-al-curso-de-aspirante-a-bombero-voluntario\/","title":{"rendered":"Contin\u00faa la inscripci\u00f3n al curso de aspirante a Bombero Voluntario"},"content":{"rendered":"<p><!-- VideographyWP Plugin Message: Automatic video embedding prevented by plugin options. --><br \/>\nLa instituci\u00f3n ha dado a conocer que se encuentra abierta la inscripci\u00f3n al curso de aspirantes a Bombero Voluntario de San Pedro.<\/p>\n<p>\u201cDeseamos incorporar seres con esp\u00edritu de servicio, quien tiene como \u00fanica recompensa la satisfacci\u00f3n por el deber cumplido. Este debe ser el desaf\u00edo que tenemos que asumir. Plasm\u00e1ndolo con el ejemplo para los que ma\u00f1ana ocupar\u00e1n nuestro lugar\u201d, afirman desde la entidad.<\/p>\n<p>Y agregan: \u201cLa  intenci\u00f3n es la de incorporar nuevos valores a nuestras filas, teniendo de esta manera siempre presente un marcado desinter\u00e9s en nuestro accionar y de lograr d\u00eda a d\u00eda poder tener siempre presente nuestro lema institucional\u2026 \u201cnada nos obliga, solo el dolor de los dem\u00e1s\u201d.<\/p>\n<p><strong>Los requisitos son los siguientes:<\/strong><\/p>\n<p>-Tener entre 18 y 37 a\u00f1os.<br \/>\n-Haber cumplido el total de la documentaci\u00f3n solicitada en la ficha de ingreso.<br \/>\n-Tener completo el nivel secundario de educaci\u00f3n.<br \/>\nPara m\u00e1s informes, los interesados podr\u00e1n acercarse al Cuartel Central (Alvarado y Belgrano) o al tel. 426608.<\/p>\n","protected":false},"excerpt":{"rendered":"<p>La instituci\u00f3n ha dado a conocer que se encuentra abierta la inscripci\u00f3n al curso de aspirantes a Bombero Voluntario de San Pedro. \u201cDeseamos incorporar seres con esp\u00edritu de servicio, quien tiene como \u00fanica recompensa la satisfacci\u00f3n por el deber cumplido. Este debe ser el desaf\u00edo que tenemos que asumir. Plasm\u00e1ndolo con el ejemplo para los [&hellip;]<\/p>\n","protected":false},"author":4,"featured_media":7877,"comment_status":"open","ping_status":"closed","sticky":false,"template":"","format":"standard","meta":{"om_disable_all_campaigns":false,"_jetpack_memberships_contains_paid_content":false,"footnotes":""},"categories":[101,2],"tags":[],"class_list":["post-16536","post","type-post","status-publish","format-standard","has-post-thumbnail","hentry","category-interes-general-locales","category-locales"],"aioseo_notices":[],"gutentor_comment":0,"jetpack_featured_media_url":"https:\/\/eldiariodesanpedro.com.ar\/sitio\/wp-content\/uploads\/2016\/09\/Bomberos1.jpg","jetpack_shortlink":"https:\/\/wp.me\/p6RhLt-4iI","jetpack_sharing_enabled":true,"_links":{"self":[{"href":"https:\/\/eldiariodesanpedro.com.ar\/sitio\/wp-json\/wp\/v2\/posts\/16536","targetHints":{"allow":["GET"]}}],"collection":[{"href":"https:\/\/eldiariodesanpedro.com.ar\/sitio\/wp-json\/wp\/v2\/posts"}],"about":[{"href":"https:\/\/eldiariodesanpedro.com.ar\/sitio\/wp-json\/wp\/v2\/types\/post"}],"author":[{"embeddable":true,"href":"https:\/\/eldiariodesanpedro.com.ar\/sitio\/wp-json\/wp\/v2\/users\/4"}],"replies":[{"embeddable":true,"href":"https:\/\/eldiariodesanpedro.com.ar\/sitio\/wp-json\/wp\/v2\/comments?post=16536"}],"version-history":[{"count":1,"href":"https:\/\/eldiariodesanpedro.com.ar\/sitio\/wp-json\/wp\/v2\/posts\/16536\/revisions"}],"predecessor-version":[{"id":16537,"href":"https:\/\/eldiariodesanpedro.com.ar\/sitio\/wp-json\/wp\/v2\/posts\/16536\/revisions\/16537"}],"wp:featuredmedia":[{"embeddable":true,"href":"https:\/\/eldiariodesanpedro.com.ar\/sitio\/wp-json\/wp\/v2\/media\/7877"}],"wp:attachment":[{"href":"https:\/\/eldiariodesanpedro.com.ar\/sitio\/wp-json\/wp\/v2\/media?parent=16536"}],"wp:term":[{"taxonomy":"category","embeddable":true,"href":"https:\/\/eldiariodesanpedro.com.ar\/sitio\/wp-json\/wp\/v2\/categories?post=16536"},{"taxonomy":"post_tag","embeddable":true,"href":"https:\/\/eldiariodesanpedro.com.ar\/sitio\/wp-json\/wp\/v2\/tags?post=16536"}],"curies":[{"name":"wp","href":"https:\/\/api.w.org\/{rel}","templated":true}]}}