{"id":16532,"date":"2017-03-27T19:45:27","date_gmt":"2017-03-27T22:45:27","guid":{"rendered":"https:\/\/eldiariodesanpedro.com.ar\/sitio\/?p=16532"},"modified":"2017-03-27T19:45:27","modified_gmt":"2017-03-27T22:45:27","slug":"inauguraron-las-obras-del-jardin-902","status":"publish","type":"post","link":"https:\/\/eldiariodesanpedro.com.ar\/sitio\/inauguraron-las-obras-del-jardin-902\/","title":{"rendered":"Inauguraron las obras del Jard\u00edn 902"},"content":{"rendered":"<p><!-- VideographyWP Plugin Message: Automatic video embedding prevented by plugin options. --><br \/>\nEl acto protocolar se llev\u00f3 a cabo pasadas las 13 hs de ayer en el Jard\u00edn de Infantes \u201cGranaderos de San Mart\u00edn\u201d,  localizado en en Depietri y Las Heras.<\/p>\n<p>Cont\u00f3 con la presencia de autoridades municipales, encabezadas por el Intendente Municipal Cecilio Salazar, tambi\u00e9n formaron parte del evento concejales y distintas autoridades de educaci\u00f3n.<\/p>\n<p>Guillermo Vel\u00e1zquez, director del establecimiento educativo, dijo a los presentes: \u201cPara que esto hoy se pudiera llevar a cabo concluyeron las mejores versiones de personas e instituciones\u201d. <\/p>\n<p>Al tiempo que sostuvo: \u201cHoy es un d\u00eda de fiesta para toda la comunidad de Villa Depietri\u201d y destac\u00f3 la figura del hombre que da nombre a la barriada. Sobre Eduardo Depietri destac\u00f3 que \u201cera un visionario\u201d. \u201cEstos terrenos fueron donados por \u00e9l\u201d.<\/p>\n<p>Por su parte el presidente del Consejo Escolar, Gustavo Liloff, dijo: \u201cSomos nosotros los responsables de forjar ese nuevo futuro\u201d y para ello \u201chay que repensar y andar lo anterior\u201d. <\/p>\n<p>\u201cEsto fue posible bajo esta administraci\u00f3n y le doy gracias al Intendente que haya tomado la bandera de la educaci\u00f3n\u201d sostuvo y asegur\u00f3: \u201cAntes era muy dif\u00edcil lograr, este cambio es posible hacerlo y se demostr\u00f3 ac\u00e1\u201d.<\/p>\n<p>En tanto que el Mandatario Comunal, enunci\u00f3: \u201cSe que les embarga la emoci\u00f3n a todos los que han trabajado en este jard\u00edn\u201d.<\/p>\n<p>\u201cCuando vine la primera vez a visitar el jard\u00edn, dije vamos a empezar a construir y me compromet\u00ed a iniciar este ciclo lectivos en este jard\u00edn\u201d y \u201ccumplimos con la palabra\u201d, se\u00f1al\u00f3 Salazar.<\/p>\n<p>\u201cQueremos seguir cumpliendo con la educaci\u00f3n de San Pedro\u201d, dijo.<\/p>\n<p>A su vez anunci\u00f3 que se pondr\u00e1n aire acondicionados a todo los salones del edificio puesto que la actualidad solos los nuevos tienen. \u201cNo ser\u00eda justo que algunos chicos tengan aire y otros nos\u201d sostuvo.<\/p>\n<p>Para finalizar se realiz\u00f3 el descubrimiento de placas recordatorias de la fecha, luego se procedi\u00f3 al corte de cinta y por \u00faltimo tanto pap\u00e1s como alumnos pudieron recorrer la nueva zona.<\/p>\n","protected":false},"excerpt":{"rendered":"<p>El acto protocolar se llev\u00f3 a cabo pasadas las 13 hs de ayer en el Jard\u00edn de Infantes \u201cGranaderos de San Mart\u00edn\u201d, localizado en en Depietri y Las Heras. Cont\u00f3 con la presencia de autoridades municipales, encabezadas por el Intendente Municipal Cecilio Salazar, tambi\u00e9n formaron parte del evento concejales y distintas autoridades de educaci\u00f3n. Guillermo [&hellip;]<\/p>\n","protected":false},"author":4,"featured_media":16534,"comment_status":"open","ping_status":"closed","sticky":false,"template":"","format":"standard","meta":{"om_disable_all_campaigns":false,"_jetpack_memberships_contains_paid_content":false,"footnotes":""},"categories":[101,2],"tags":[],"class_list":["post-16532","post","type-post","status-publish","format-standard","has-post-thumbnail","hentry","category-interes-general-locales","category-locales"],"aioseo_notices":[],"gutentor_comment":0,"jetpack_featured_media_url":"https:\/\/eldiariodesanpedro.com.ar\/sitio\/wp-content\/uploads\/2017\/03\/Inauguraron-las-obras-del-Jard\u00edn-902.jpg","jetpack_shortlink":"https:\/\/wp.me\/p6RhLt-4iE","jetpack_sharing_enabled":true,"_links":{"self":[{"href":"https:\/\/eldiariodesanpedro.com.ar\/sitio\/wp-json\/wp\/v2\/posts\/16532","targetHints":{"allow":["GET"]}}],"collection":[{"href":"https:\/\/eldiariodesanpedro.com.ar\/sitio\/wp-json\/wp\/v2\/posts"}],"about":[{"href":"https:\/\/eldiariodesanpedro.com.ar\/sitio\/wp-json\/wp\/v2\/types\/post"}],"author":[{"embeddable":true,"href":"https:\/\/eldiariodesanpedro.com.ar\/sitio\/wp-json\/wp\/v2\/users\/4"}],"replies":[{"embeddable":true,"href":"https:\/\/eldiariodesanpedro.com.ar\/sitio\/wp-json\/wp\/v2\/comments?post=16532"}],"version-history":[{"count":1,"href":"https:\/\/eldiariodesanpedro.com.ar\/sitio\/wp-json\/wp\/v2\/posts\/16532\/revisions"}],"predecessor-version":[{"id":16535,"href":"https:\/\/eldiariodesanpedro.com.ar\/sitio\/wp-json\/wp\/v2\/posts\/16532\/revisions\/16535"}],"wp:featuredmedia":[{"embeddable":true,"href":"https:\/\/eldiariodesanpedro.com.ar\/sitio\/wp-json\/wp\/v2\/media\/16534"}],"wp:attachment":[{"href":"https:\/\/eldiariodesanpedro.com.ar\/sitio\/wp-json\/wp\/v2\/media?parent=16532"}],"wp:term":[{"taxonomy":"category","embeddable":true,"href":"https:\/\/eldiariodesanpedro.com.ar\/sitio\/wp-json\/wp\/v2\/categories?post=16532"},{"taxonomy":"post_tag","embeddable":true,"href":"https:\/\/eldiariodesanpedro.com.ar\/sitio\/wp-json\/wp\/v2\/tags?post=16532"}],"curies":[{"name":"wp","href":"https:\/\/api.w.org\/{rel}","templated":true}]}}