{"id":16529,"date":"2017-03-27T19:36:26","date_gmt":"2017-03-27T22:36:26","guid":{"rendered":"https:\/\/eldiariodesanpedro.com.ar\/sitio\/?p=16529"},"modified":"2017-03-27T19:36:26","modified_gmt":"2017-03-27T22:36:26","slug":"cambiemos-suma-para-el-proximo-foro-al-intendente-de-exaltacion-de-la-cruz","status":"publish","type":"post","link":"https:\/\/eldiariodesanpedro.com.ar\/sitio\/cambiemos-suma-para-el-proximo-foro-al-intendente-de-exaltacion-de-la-cruz\/","title":{"rendered":"Cambiemos suma para el pr\u00f3ximo Foro al intendente de Exaltaci\u00f3n de la Cruz"},"content":{"rendered":"<p><!-- VideographyWP Plugin Message: Automatic video embedding prevented by plugin options. --><br \/>\nGrupo La Provincia en contacto exclusivo con el jefe comunal de Exaltaci\u00f3n de la Cruz. En la primera parte de la entrevista, Adri\u00e1n S\u00e1nchez cont\u00f3 c\u00f3mo es su v\u00ednculo con Provincia y dijo que va a estar presente en el pr\u00f3ximo Foro de Intendentes de Cambiemos. En la primera parte del contacto, el jefe comunal habl\u00f3 sobre su v\u00ednculo con el gobierno provincial y dio la primicia de que estar\u00e1 formando parte del pr\u00f3ximo Foro de Intendentes de Cambiemos.<\/p>\n<p><em>\u00bfCu\u00e1l es el v\u00ednculo que tiene con Mar\u00eda Eugenia Vidal?<\/em><br \/>\nEl mejor. Yo soy vecinalista y el vecinalismo viene haciendo alianzas hace 20 a\u00f1os con el Partido Justicialista en lo que se denomin\u00f3 durante los \u00faltimos a\u00f1os como Frente para la Victoria. He tenido un muy buen di\u00e1logo y buena llegada tanto en los despachos de La Plata como de Capital.<\/p>\n<p>Las visitas que nos han hecho casi todos los ministros y muchos diputados y la relaci\u00f3n diaria de estar abiertos con distintos coordinadores que nos asisten, es muy importante. Hoy los municipios tenemos muchas m\u00e1s responsabilidades y tenemos que seguir gestionando los recursos para llevar adelante los programas.<\/p>\n<p>Tengo la mejor relaci\u00f3n, adhiero a las pol\u00edticas de la provincia de Buenos Aires y seguramente apoyar\u00e9 en alg\u00fan foro de intendentes. Voy a ser una persona agradecida y se lo digo a mi pueblo, si me apoyan a m\u00ed van a estar apoyando al pueblo. Al ser vecinalista tengo la camiseta del pueblo, no de un color pol\u00edtico determinado. Es un c\u00f3digo que no tenemos que perder.<\/p>\n<p><em>\u00bfLo invitaron a San Pedro para el Foro de Intendentes de Cambiemos?<\/em><br \/>\nS\u00ed, voy a ir a ayudar como adherente, vecinalista y parte de la provincia de Buenos Aires. No tengo ning\u00fan problema. Hay que desmitificar estos temas. Le vuelvo a repetir, soy un intendente vecinalista de la primera hora.<\/p>\n<p>El Partido Justicialista me hizo la interna y me vot\u00f3 en contra. En mi pueblo me preguntan si me pas\u00e9 o no a Cambiemos. Yo tengo que ser funcional y tratar de conseguir la mayor cantidad de cosas porque sino nos ponemos barreras todos los d\u00edas. Tengo que tener la camiseta y estar afiliado al partido de Exaltaci\u00f3n de la Cruz, provincia de Buenos Aires, de la Rep\u00fablica Argentina. (Grupo La Provincia)<\/p>\n","protected":false},"excerpt":{"rendered":"<p>Grupo La Provincia en contacto exclusivo con el jefe comunal de Exaltaci\u00f3n de la Cruz. En la primera parte de la entrevista, Adri\u00e1n S\u00e1nchez cont\u00f3 c\u00f3mo es su v\u00ednculo con Provincia y dijo que va a estar presente en el pr\u00f3ximo Foro de Intendentes de Cambiemos. En la primera parte del contacto, el jefe comunal [&hellip;]<\/p>\n","protected":false},"author":4,"featured_media":16531,"comment_status":"open","ping_status":"closed","sticky":false,"template":"","format":"standard","meta":{"om_disable_all_campaigns":false,"_jetpack_memberships_contains_paid_content":false,"footnotes":""},"categories":[621],"tags":[],"class_list":["post-16529","post","type-post","status-publish","format-standard","has-post-thumbnail","hentry","category-regionales"],"aioseo_notices":[],"gutentor_comment":0,"jetpack_featured_media_url":"https:\/\/eldiariodesanpedro.com.ar\/sitio\/wp-content\/uploads\/2017\/03\/intendente-de-Exaltaci\u00f3n-de-la-Cruz.jpg","jetpack_shortlink":"https:\/\/wp.me\/p6RhLt-4iB","jetpack_sharing_enabled":true,"_links":{"self":[{"href":"https:\/\/eldiariodesanpedro.com.ar\/sitio\/wp-json\/wp\/v2\/posts\/16529","targetHints":{"allow":["GET"]}}],"collection":[{"href":"https:\/\/eldiariodesanpedro.com.ar\/sitio\/wp-json\/wp\/v2\/posts"}],"about":[{"href":"https:\/\/eldiariodesanpedro.com.ar\/sitio\/wp-json\/wp\/v2\/types\/post"}],"author":[{"embeddable":true,"href":"https:\/\/eldiariodesanpedro.com.ar\/sitio\/wp-json\/wp\/v2\/users\/4"}],"replies":[{"embeddable":true,"href":"https:\/\/eldiariodesanpedro.com.ar\/sitio\/wp-json\/wp\/v2\/comments?post=16529"}],"version-history":[{"count":1,"href":"https:\/\/eldiariodesanpedro.com.ar\/sitio\/wp-json\/wp\/v2\/posts\/16529\/revisions"}],"predecessor-version":[{"id":16533,"href":"https:\/\/eldiariodesanpedro.com.ar\/sitio\/wp-json\/wp\/v2\/posts\/16529\/revisions\/16533"}],"wp:featuredmedia":[{"embeddable":true,"href":"https:\/\/eldiariodesanpedro.com.ar\/sitio\/wp-json\/wp\/v2\/media\/16531"}],"wp:attachment":[{"href":"https:\/\/eldiariodesanpedro.com.ar\/sitio\/wp-json\/wp\/v2\/media?parent=16529"}],"wp:term":[{"taxonomy":"category","embeddable":true,"href":"https:\/\/eldiariodesanpedro.com.ar\/sitio\/wp-json\/wp\/v2\/categories?post=16529"},{"taxonomy":"post_tag","embeddable":true,"href":"https:\/\/eldiariodesanpedro.com.ar\/sitio\/wp-json\/wp\/v2\/tags?post=16529"}],"curies":[{"name":"wp","href":"https:\/\/api.w.org\/{rel}","templated":true}]}}