{"id":16525,"date":"2017-03-27T19:33:54","date_gmt":"2017-03-27T22:33:54","guid":{"rendered":"https:\/\/eldiariodesanpedro.com.ar\/sitio\/?p=16525"},"modified":"2017-03-27T19:33:54","modified_gmt":"2017-03-27T22:33:54","slug":"denuncias-de-abuso-en-la-comisaria-comunal-de-baradero","status":"publish","type":"post","link":"https:\/\/eldiariodesanpedro.com.ar\/sitio\/denuncias-de-abuso-en-la-comisaria-comunal-de-baradero\/","title":{"rendered":"Denuncias de abuso en la comisar\u00eda comunal de Baradero"},"content":{"rendered":"<p><!-- VideographyWP Plugin Message: Automatic video embedding prevented by plugin options. --><br \/>\nAs\u00ed lo expres\u00f3 el concejal del Frente Renovador Peronista, Guillermo Paniagua, a la 105.7 Tu Radio, quien tambi\u00e9n fue profesor en la Academia de la Polic\u00eda Local en nuestra ciudad.<\/p>\n<p>Paniagua confirm\u00f3 que varias de las j\u00f3venes que se formaron para ser parte de esta nueva fuerza, acudieron a \u00e9l para contarle sobre abusos que sufren por parte de polic\u00edas.<\/p>\n<p>Si bien no existen denuncias formales, debido a que \u201ctienen miedo de hacer la denuncia por escrito\u201d como lo explic\u00f3 el concejal, \u00e9l acudi\u00f3 al Comisario para solicitarle que tome cartas en el asunto.<\/p>\n<p>El concejal del FRP, cont\u00f3 a 105.7 Tu Radio que los abusos se dieron en el marco de un ofrecimientos por mejoras en sus puestos de trabajo. Algo que lamentablemente muchas veces se naturaliza en la sociedad en la que vivimos.<\/p>\n<p>A su vez, afirm\u00f3 \u201cyo voy a seguir con esto\u201d y tom\u00f3 el compromiso de continuar investigando esta situaci\u00f3n desde su lugar en el poder legislativo.<\/p>\n<p>Paniagua tambi\u00e9n dijo que esto deber\u00eda ser una situaci\u00f3n de la que deber\u00eda hacerse cargo el Foro de Seguridad, pero remarc\u00f3 que no es posible porque \u201cpermanece ac\u00e9falo\u201d. <\/p>\n<p>A pesar de la situaci\u00f3n, las j\u00f3venes siguen trabajando en la fuerza y conviviendo con dicha situaci\u00f3n. (http:\/\/www.tulineadirecta.com)<\/p>\n","protected":false},"excerpt":{"rendered":"<p>As\u00ed lo expres\u00f3 el concejal del Frente Renovador Peronista, Guillermo Paniagua, a la 105.7 Tu Radio, quien tambi\u00e9n fue profesor en la Academia de la Polic\u00eda Local en nuestra ciudad. Paniagua confirm\u00f3 que varias de las j\u00f3venes que se formaron para ser parte de esta nueva fuerza, acudieron a \u00e9l para contarle sobre abusos que [&hellip;]<\/p>\n","protected":false},"author":4,"featured_media":16527,"comment_status":"open","ping_status":"closed","sticky":false,"template":"","format":"standard","meta":{"om_disable_all_campaigns":false,"_jetpack_memberships_contains_paid_content":false,"footnotes":""},"categories":[621],"tags":[],"class_list":["post-16525","post","type-post","status-publish","format-standard","has-post-thumbnail","hentry","category-regionales"],"aioseo_notices":[],"gutentor_comment":0,"jetpack_featured_media_url":"https:\/\/eldiariodesanpedro.com.ar\/sitio\/wp-content\/uploads\/2017\/03\/comisar\u00eda-comunal-de-Baradero.jpg","jetpack_shortlink":"https:\/\/wp.me\/p6RhLt-4ix","jetpack_sharing_enabled":true,"_links":{"self":[{"href":"https:\/\/eldiariodesanpedro.com.ar\/sitio\/wp-json\/wp\/v2\/posts\/16525","targetHints":{"allow":["GET"]}}],"collection":[{"href":"https:\/\/eldiariodesanpedro.com.ar\/sitio\/wp-json\/wp\/v2\/posts"}],"about":[{"href":"https:\/\/eldiariodesanpedro.com.ar\/sitio\/wp-json\/wp\/v2\/types\/post"}],"author":[{"embeddable":true,"href":"https:\/\/eldiariodesanpedro.com.ar\/sitio\/wp-json\/wp\/v2\/users\/4"}],"replies":[{"embeddable":true,"href":"https:\/\/eldiariodesanpedro.com.ar\/sitio\/wp-json\/wp\/v2\/comments?post=16525"}],"version-history":[{"count":1,"href":"https:\/\/eldiariodesanpedro.com.ar\/sitio\/wp-json\/wp\/v2\/posts\/16525\/revisions"}],"predecessor-version":[{"id":16530,"href":"https:\/\/eldiariodesanpedro.com.ar\/sitio\/wp-json\/wp\/v2\/posts\/16525\/revisions\/16530"}],"wp:featuredmedia":[{"embeddable":true,"href":"https:\/\/eldiariodesanpedro.com.ar\/sitio\/wp-json\/wp\/v2\/media\/16527"}],"wp:attachment":[{"href":"https:\/\/eldiariodesanpedro.com.ar\/sitio\/wp-json\/wp\/v2\/media?parent=16525"}],"wp:term":[{"taxonomy":"category","embeddable":true,"href":"https:\/\/eldiariodesanpedro.com.ar\/sitio\/wp-json\/wp\/v2\/categories?post=16525"},{"taxonomy":"post_tag","embeddable":true,"href":"https:\/\/eldiariodesanpedro.com.ar\/sitio\/wp-json\/wp\/v2\/tags?post=16525"}],"curies":[{"name":"wp","href":"https:\/\/api.w.org\/{rel}","templated":true}]}}