{"id":16524,"date":"2017-03-27T19:33:03","date_gmt":"2017-03-27T22:33:03","guid":{"rendered":"https:\/\/eldiariodesanpedro.com.ar\/sitio\/?p=16524"},"modified":"2017-03-27T19:33:03","modified_gmt":"2017-03-27T22:33:03","slug":"isuzu-vuelve-a-argentina-y-desembarca-en-santa-fe-y-la-region-litoral-de-la-mano-de-escobar-nation","status":"publish","type":"post","link":"https:\/\/eldiariodesanpedro.com.ar\/sitio\/isuzu-vuelve-a-argentina-y-desembarca-en-santa-fe-y-la-region-litoral-de-la-mano-de-escobar-nation\/","title":{"rendered":"Isuzu vuelve a Argentina y desembarca en Santa Fe y la regi\u00f3n Litoral de la mano de Escobar-Nation"},"content":{"rendered":"<p><!-- VideographyWP Plugin Message: Automatic video embedding prevented by plugin options. --><br \/>\nLuego de 15 a\u00f1os de ausencia en nuestro pa\u00eds, El Grupo Valentino apuesta de lleno en nuestra regi\u00f3n y trae a Santa Fe a Isuzu. A partir de marzo la marca l\u00edder en el mundo, comenzar\u00e1 a comercializar el cami\u00f3n NPR 75, y antes de fin de a\u00f1o llegaran las pick ups.<\/p>\n<p>El primer modelo que Isuzu comercializar\u00e1 es el eficiente cami\u00f3n NPR 75, el mismo que ostenta el primer puesto de ventas en camiones livianos en USA desde mediados de los a\u00f1os ochenta.  Este cami\u00f3n est\u00e1 equipado con un motor turbodi\u00e9sel con intercooler de 153 CV de potencia m\u00e1xima acopado a una caja de 6 velocidades. Esa combinaci\u00f3n de motor y transmisi\u00f3n sumada a un tanque de combustible de 200 litros le otorgan una enorme autonom\u00eda, un aspecto muy valorado por los usuarios.<\/p>\n<p>\u201cCon una capacidad de carga de 5 toneladas, este producto fabricado en Jap\u00f3n competir\u00e1 en el segmento del Mercedes-Benz Acello 815 que se fabrica en Brasil\u201d, se\u00f1al\u00f3 Isuzu en un comunicado de prensa, donde ya le marca la cancha a su rival m\u00e1s directo. Sin embargo parecen no temerle, ya que aseguran que el hecho de que la marca sea l\u00edder en 36 pa\u00edses del mundo incluyendo los Estados Unidos, muestra que la solidez de Isuzu perdura a lo largo de los a\u00f1os y que aunque esto es algo dif\u00edcil de mantener, el cliente lo sabe y lo aprecia.<\/p>\n<p>El segundo paso de Isuzu en la Argentina ser\u00e1 la comercializaci\u00f3n de la D-Max, una pick-up para el segmento mediano, que llegar\u00e1 importada de Tailandia. Esta camioneta mantiene inalterable el ADN de la marca (m\u00e1xima eficiencia, capacidad de trabajo y confiabilidad), y le suma la tecnolog\u00eda de \u00faltima generaci\u00f3n.<\/p>\n<p>Este nuevo emprendimiento del Grupo Valentino est\u00e1 ubicado en Av. Blas Parera 9797 (norte de la ciudad \u2013 polo dedicado al desarrollo de este rubro). Tel\u00e9fono Escobar Isuzu (0342) 4550444.  <\/p>\n","protected":false},"excerpt":{"rendered":"<p>Luego de 15 a\u00f1os de ausencia en nuestro pa\u00eds, El Grupo Valentino apuesta de lleno en nuestra regi\u00f3n y trae a Santa Fe a Isuzu. A partir de marzo la marca l\u00edder en el mundo, comenzar\u00e1 a comercializar el cami\u00f3n NPR 75, y antes de fin de a\u00f1o llegaran las pick ups. El primer modelo [&hellip;]<\/p>\n","protected":false},"author":4,"featured_media":16526,"comment_status":"open","ping_status":"closed","sticky":false,"template":"","format":"standard","meta":{"om_disable_all_campaigns":false,"_jetpack_memberships_contains_paid_content":false,"footnotes":""},"categories":[621],"tags":[],"class_list":["post-16524","post","type-post","status-publish","format-standard","has-post-thumbnail","hentry","category-regionales"],"aioseo_notices":[],"gutentor_comment":0,"jetpack_featured_media_url":"https:\/\/eldiariodesanpedro.com.ar\/sitio\/wp-content\/uploads\/2017\/03\/Isuzu.png","jetpack_shortlink":"https:\/\/wp.me\/p6RhLt-4iw","jetpack_sharing_enabled":true,"_links":{"self":[{"href":"https:\/\/eldiariodesanpedro.com.ar\/sitio\/wp-json\/wp\/v2\/posts\/16524","targetHints":{"allow":["GET"]}}],"collection":[{"href":"https:\/\/eldiariodesanpedro.com.ar\/sitio\/wp-json\/wp\/v2\/posts"}],"about":[{"href":"https:\/\/eldiariodesanpedro.com.ar\/sitio\/wp-json\/wp\/v2\/types\/post"}],"author":[{"embeddable":true,"href":"https:\/\/eldiariodesanpedro.com.ar\/sitio\/wp-json\/wp\/v2\/users\/4"}],"replies":[{"embeddable":true,"href":"https:\/\/eldiariodesanpedro.com.ar\/sitio\/wp-json\/wp\/v2\/comments?post=16524"}],"version-history":[{"count":1,"href":"https:\/\/eldiariodesanpedro.com.ar\/sitio\/wp-json\/wp\/v2\/posts\/16524\/revisions"}],"predecessor-version":[{"id":16528,"href":"https:\/\/eldiariodesanpedro.com.ar\/sitio\/wp-json\/wp\/v2\/posts\/16524\/revisions\/16528"}],"wp:featuredmedia":[{"embeddable":true,"href":"https:\/\/eldiariodesanpedro.com.ar\/sitio\/wp-json\/wp\/v2\/media\/16526"}],"wp:attachment":[{"href":"https:\/\/eldiariodesanpedro.com.ar\/sitio\/wp-json\/wp\/v2\/media?parent=16524"}],"wp:term":[{"taxonomy":"category","embeddable":true,"href":"https:\/\/eldiariodesanpedro.com.ar\/sitio\/wp-json\/wp\/v2\/categories?post=16524"},{"taxonomy":"post_tag","embeddable":true,"href":"https:\/\/eldiariodesanpedro.com.ar\/sitio\/wp-json\/wp\/v2\/tags?post=16524"}],"curies":[{"name":"wp","href":"https:\/\/api.w.org\/{rel}","templated":true}]}}