{"id":16517,"date":"2017-03-27T19:28:41","date_gmt":"2017-03-27T22:28:41","guid":{"rendered":"https:\/\/eldiariodesanpedro.com.ar\/sitio\/?p=16517"},"modified":"2017-03-27T19:28:41","modified_gmt":"2017-03-27T22:28:41","slug":"ramon-salazar-juro-como-secretario-de-coordinacion","status":"publish","type":"post","link":"https:\/\/eldiariodesanpedro.com.ar\/sitio\/ramon-salazar-juro-como-secretario-de-coordinacion\/","title":{"rendered":"Ram\u00f3n Salazar jur\u00f3 como Secretario de Coordinaci\u00f3n"},"content":{"rendered":"<p><!-- VideographyWP Plugin Message: Automatic video embedding prevented by plugin options. --><br \/>\nEn la ma\u00f1ana de este lunes en el despacho del intendente Cecilio Salazar se le tomo juramento y asumi\u00f3 como flamante Secretario de Coordinaci\u00f3n el Dr. Ram\u00f3n Salazar quien tendr\u00e1 una gran importancia sobre las decisiones que tomara el actual mandatario comunal, con la presencia de todo los funcionarios concejales municipales.<\/p>\n<p>Al nuevo secretario se lo vio muy emocionado al igual que a su padre, quien en conversaci\u00f3n con El Diario de San Pedro aseguro que se encontraba con nervios pero sobre todo por que la gente lo cuestione al darle esta responsabilidad a Ram\u00f3n, pero no se siente con nervios por que conoce muy bien lo profesional que es su hijo que lo acompa\u00f1a trabajando desde hace mucho tiempo en la UATRE.<\/p>\n<p>Por su parte el Abogado Salazar al momento de declarar luego de haber jurado, coment\u00f3: \u00abEstoy muy emocionado y es mucha la responsabilidad. Ya venia ayudando en algunas \u00e1reas y ahora en este cargo que es diferente a la secretaria de gobierno que es un cargo mas referido a la pol\u00edtica, en este caso es coordinar desde adentro\u00bb<\/p>\n<p>Declaraci\u00f3n del Intendente sobre su hijo<br \/>\n<audio class=\"wp-audio-shortcode\" id=\"audio-16517-1\" preload=\"none\" style=\"width: 100%;\" controls=\"controls\"><source type=\"audio\/wav\" src=\"https:\/\/eldiariodesanpedro.com.ar\/sitio\/wp-content\/uploads\/2017\/03\/Cecilio.wav?_=1\" \/><a href=\"https:\/\/eldiariodesanpedro.com.ar\/sitio\/wp-content\/uploads\/2017\/03\/Cecilio.wav\">https:\/\/eldiariodesanpedro.com.ar\/sitio\/wp-content\/uploads\/2017\/03\/Cecilio.wav<\/a><\/audio><\/p>\n<p>V\u00eddeo del momento cuando jur\u00f3 Ram\u00f3n Salazar<\/p>\n<div class=\"fb-video\" data-allowfullscreen=\"true\" data-href=\"https:\/\/www.facebook.com\/eldiario.desanpedro\/videos\/592604957615314\/\" style=\"background-color: #fff; display: inline-block;\"><\/div>\n<p><iframe data-src=\"\/\/embedsocial.com\/facebook_album\/album_photos\/592667840942359\" width=\"900\" height=\"1500\" frameborder=\"0\" scrolling=\"no\" marginheight=\"0\" marginwidth=\"0\" src=\"data:image\/svg+xml;base64,PHN2ZyB3aWR0aD0iMSIgaGVpZ2h0PSIxIiB4bWxucz0iaHR0cDovL3d3dy53My5vcmcvMjAwMC9zdmciPjwvc3ZnPg==\" class=\"lazyload\" data-load-mode=\"1\"><\/iframe><\/p>\n","protected":false},"excerpt":{"rendered":"<p>En la ma\u00f1ana de este lunes en el despacho del intendente Cecilio Salazar se le tomo juramento y asumi\u00f3 como flamante Secretario de Coordinaci\u00f3n el Dr. Ram\u00f3n Salazar quien tendr\u00e1 una gran importancia sobre las decisiones que tomara el actual mandatario comunal, con la presencia de todo los funcionarios concejales municipales. Al nuevo secretario se [&hellip;]<\/p>\n","protected":false},"author":4,"featured_media":16522,"comment_status":"open","ping_status":"closed","sticky":false,"template":"","format":"standard","meta":{"om_disable_all_campaigns":false,"_jetpack_memberships_contains_paid_content":false,"footnotes":""},"categories":[50,2,102],"tags":[],"class_list":["post-16517","post","type-post","status-publish","format-standard","has-post-thumbnail","hentry","category-destacadas","category-locales","category-politica-locales"],"aioseo_notices":[],"gutentor_comment":0,"jetpack_featured_media_url":"https:\/\/eldiariodesanpedro.com.ar\/sitio\/wp-content\/uploads\/2017\/03\/DSC_0032-e1490653698898.jpg","jetpack_shortlink":"https:\/\/wp.me\/p6RhLt-4ip","jetpack_sharing_enabled":true,"_links":{"self":[{"href":"https:\/\/eldiariodesanpedro.com.ar\/sitio\/wp-json\/wp\/v2\/posts\/16517","targetHints":{"allow":["GET"]}}],"collection":[{"href":"https:\/\/eldiariodesanpedro.com.ar\/sitio\/wp-json\/wp\/v2\/posts"}],"about":[{"href":"https:\/\/eldiariodesanpedro.com.ar\/sitio\/wp-json\/wp\/v2\/types\/post"}],"author":[{"embeddable":true,"href":"https:\/\/eldiariodesanpedro.com.ar\/sitio\/wp-json\/wp\/v2\/users\/4"}],"replies":[{"embeddable":true,"href":"https:\/\/eldiariodesanpedro.com.ar\/sitio\/wp-json\/wp\/v2\/comments?post=16517"}],"version-history":[{"count":1,"href":"https:\/\/eldiariodesanpedro.com.ar\/sitio\/wp-json\/wp\/v2\/posts\/16517\/revisions"}],"predecessor-version":[{"id":16523,"href":"https:\/\/eldiariodesanpedro.com.ar\/sitio\/wp-json\/wp\/v2\/posts\/16517\/revisions\/16523"}],"wp:featuredmedia":[{"embeddable":true,"href":"https:\/\/eldiariodesanpedro.com.ar\/sitio\/wp-json\/wp\/v2\/media\/16522"}],"wp:attachment":[{"href":"https:\/\/eldiariodesanpedro.com.ar\/sitio\/wp-json\/wp\/v2\/media?parent=16517"}],"wp:term":[{"taxonomy":"category","embeddable":true,"href":"https:\/\/eldiariodesanpedro.com.ar\/sitio\/wp-json\/wp\/v2\/categories?post=16517"},{"taxonomy":"post_tag","embeddable":true,"href":"https:\/\/eldiariodesanpedro.com.ar\/sitio\/wp-json\/wp\/v2\/tags?post=16517"}],"curies":[{"name":"wp","href":"https:\/\/api.w.org\/{rel}","templated":true}]}}