{"id":16511,"date":"2017-03-27T10:45:04","date_gmt":"2017-03-27T13:45:04","guid":{"rendered":"https:\/\/eldiariodesanpedro.com.ar\/sitio\/?p=16511"},"modified":"2017-03-27T10:45:04","modified_gmt":"2017-03-27T13:45:04","slug":"tres-delincuentes-ingresaron-en-un-domicilio-con-cara-cubierta-y-armados","status":"publish","type":"post","link":"https:\/\/eldiariodesanpedro.com.ar\/sitio\/tres-delincuentes-ingresaron-en-un-domicilio-con-cara-cubierta-y-armados\/","title":{"rendered":"Tres delincuentes ingresaron en un domicilio con cara cubierta y armados"},"content":{"rendered":"<p><!-- VideographyWP Plugin Message: Automatic video embedding prevented by plugin options. --><br \/>\nEn la madrugada de hoy se recibi\u00f3 la denuncia de una mujer domiciliada en calle Mateo Sbert al 900 alrededor de la 01:00 hs, donde 3 delincuentes ingresaron con el rostro cubierto y portando armas, llev\u00e1ndose dos tel\u00e9fonos celulares pero sin provocar ninguna lesi\u00f3n a las personas en el lugar.<\/p>\n","protected":false},"excerpt":{"rendered":"<p>En la madrugada de hoy se recibi\u00f3 la denuncia de una mujer domiciliada en calle Mateo Sbert al 900 alrededor de la 01:00 hs, donde 3 delincuentes ingresaron con el rostro cubierto y portando armas, llev\u00e1ndose dos tel\u00e9fonos celulares pero sin provocar ninguna lesi\u00f3n a las personas en el lugar.<\/p>\n","protected":false},"author":4,"featured_media":5635,"comment_status":"open","ping_status":"closed","sticky":false,"template":"","format":"standard","meta":{"om_disable_all_campaigns":false,"_jetpack_memberships_contains_paid_content":false,"footnotes":""},"categories":[2,103],"tags":[],"class_list":["post-16511","post","type-post","status-publish","format-standard","has-post-thumbnail","hentry","category-locales","category-policiales-locales"],"aioseo_notices":[],"gutentor_comment":0,"jetpack_featured_media_url":"https:\/\/eldiariodesanpedro.com.ar\/sitio\/wp-content\/uploads\/2016\/06\/comisaria-sanpedro.jpg","jetpack_shortlink":"https:\/\/wp.me\/p6RhLt-4ij","jetpack_sharing_enabled":true,"_links":{"self":[{"href":"https:\/\/eldiariodesanpedro.com.ar\/sitio\/wp-json\/wp\/v2\/posts\/16511","targetHints":{"allow":["GET"]}}],"collection":[{"href":"https:\/\/eldiariodesanpedro.com.ar\/sitio\/wp-json\/wp\/v2\/posts"}],"about":[{"href":"https:\/\/eldiariodesanpedro.com.ar\/sitio\/wp-json\/wp\/v2\/types\/post"}],"author":[{"embeddable":true,"href":"https:\/\/eldiariodesanpedro.com.ar\/sitio\/wp-json\/wp\/v2\/users\/4"}],"replies":[{"embeddable":true,"href":"https:\/\/eldiariodesanpedro.com.ar\/sitio\/wp-json\/wp\/v2\/comments?post=16511"}],"version-history":[{"count":1,"href":"https:\/\/eldiariodesanpedro.com.ar\/sitio\/wp-json\/wp\/v2\/posts\/16511\/revisions"}],"predecessor-version":[{"id":16512,"href":"https:\/\/eldiariodesanpedro.com.ar\/sitio\/wp-json\/wp\/v2\/posts\/16511\/revisions\/16512"}],"wp:featuredmedia":[{"embeddable":true,"href":"https:\/\/eldiariodesanpedro.com.ar\/sitio\/wp-json\/wp\/v2\/media\/5635"}],"wp:attachment":[{"href":"https:\/\/eldiariodesanpedro.com.ar\/sitio\/wp-json\/wp\/v2\/media?parent=16511"}],"wp:term":[{"taxonomy":"category","embeddable":true,"href":"https:\/\/eldiariodesanpedro.com.ar\/sitio\/wp-json\/wp\/v2\/categories?post=16511"},{"taxonomy":"post_tag","embeddable":true,"href":"https:\/\/eldiariodesanpedro.com.ar\/sitio\/wp-json\/wp\/v2\/tags?post=16511"}],"curies":[{"name":"wp","href":"https:\/\/api.w.org\/{rel}","templated":true}]}}