{"id":16508,"date":"2017-03-27T10:29:26","date_gmt":"2017-03-27T13:29:26","guid":{"rendered":"https:\/\/eldiariodesanpedro.com.ar\/sitio\/?p=16508"},"modified":"2017-03-27T10:29:26","modified_gmt":"2017-03-27T13:29:26","slug":"detienen-a-un-delincuente-que-llevaba-una-moto-robada-a-cuesta","status":"publish","type":"post","link":"https:\/\/eldiariodesanpedro.com.ar\/sitio\/detienen-a-un-delincuente-que-llevaba-una-moto-robada-a-cuesta\/","title":{"rendered":"Detienen a un delincuente que llevaba una moto robada a cuesta"},"content":{"rendered":"<p><!-- VideographyWP Plugin Message: Automatic video embedding prevented by plugin options. --><br \/>\nEste domingo se procedi\u00f3 a la aprehensi\u00f3n de un joven de 22 a\u00f1os de edad quien momentos antes habia robado una motocicleta Honda Dax 70 cc de un domicilio ubicado en calle Rojas al 600.<\/p>\n<p>El delincuente fue interceptado en calle Frers, infraganti llevando la moto a cuestas y a la carrera. El imputado fue trasladado a la comisaria local junto con el veh\u00edculo recuperado.<\/p>\n","protected":false},"excerpt":{"rendered":"<p>Este domingo se procedi\u00f3 a la aprehensi\u00f3n de un joven de 22 a\u00f1os de edad quien momentos antes habia robado una motocicleta Honda Dax 70 cc de un domicilio ubicado en calle Rojas al 600. El delincuente fue interceptado en calle Frers, infraganti llevando la moto a cuestas y a la carrera. El imputado fue [&hellip;]<\/p>\n","protected":false},"author":4,"featured_media":16509,"comment_status":"open","ping_status":"closed","sticky":false,"template":"","format":"standard","meta":{"om_disable_all_campaigns":false,"_jetpack_memberships_contains_paid_content":false,"footnotes":""},"categories":[2,103],"tags":[],"class_list":["post-16508","post","type-post","status-publish","format-standard","has-post-thumbnail","hentry","category-locales","category-policiales-locales"],"aioseo_notices":[],"gutentor_comment":0,"jetpack_featured_media_url":"https:\/\/eldiariodesanpedro.com.ar\/sitio\/wp-content\/uploads\/2017\/03\/honda-dax.jpg","jetpack_shortlink":"https:\/\/wp.me\/p6RhLt-4ig","jetpack_sharing_enabled":true,"_links":{"self":[{"href":"https:\/\/eldiariodesanpedro.com.ar\/sitio\/wp-json\/wp\/v2\/posts\/16508","targetHints":{"allow":["GET"]}}],"collection":[{"href":"https:\/\/eldiariodesanpedro.com.ar\/sitio\/wp-json\/wp\/v2\/posts"}],"about":[{"href":"https:\/\/eldiariodesanpedro.com.ar\/sitio\/wp-json\/wp\/v2\/types\/post"}],"author":[{"embeddable":true,"href":"https:\/\/eldiariodesanpedro.com.ar\/sitio\/wp-json\/wp\/v2\/users\/4"}],"replies":[{"embeddable":true,"href":"https:\/\/eldiariodesanpedro.com.ar\/sitio\/wp-json\/wp\/v2\/comments?post=16508"}],"version-history":[{"count":1,"href":"https:\/\/eldiariodesanpedro.com.ar\/sitio\/wp-json\/wp\/v2\/posts\/16508\/revisions"}],"predecessor-version":[{"id":16510,"href":"https:\/\/eldiariodesanpedro.com.ar\/sitio\/wp-json\/wp\/v2\/posts\/16508\/revisions\/16510"}],"wp:featuredmedia":[{"embeddable":true,"href":"https:\/\/eldiariodesanpedro.com.ar\/sitio\/wp-json\/wp\/v2\/media\/16509"}],"wp:attachment":[{"href":"https:\/\/eldiariodesanpedro.com.ar\/sitio\/wp-json\/wp\/v2\/media?parent=16508"}],"wp:term":[{"taxonomy":"category","embeddable":true,"href":"https:\/\/eldiariodesanpedro.com.ar\/sitio\/wp-json\/wp\/v2\/categories?post=16508"},{"taxonomy":"post_tag","embeddable":true,"href":"https:\/\/eldiariodesanpedro.com.ar\/sitio\/wp-json\/wp\/v2\/tags?post=16508"}],"curies":[{"name":"wp","href":"https:\/\/api.w.org\/{rel}","templated":true}]}}