{"id":16505,"date":"2017-03-27T10:01:38","date_gmt":"2017-03-27T13:01:38","guid":{"rendered":"https:\/\/eldiariodesanpedro.com.ar\/sitio\/?p=16505"},"modified":"2017-03-27T10:01:38","modified_gmt":"2017-03-27T13:01:38","slug":"registro-municipal-de-motos-electricas","status":"publish","type":"post","link":"https:\/\/eldiariodesanpedro.com.ar\/sitio\/registro-municipal-de-motos-electricas\/","title":{"rendered":"Registro municipal de motos el\u00e9ctricas"},"content":{"rendered":"<p><!-- VideographyWP Plugin Message: Automatic video embedding prevented by plugin options. --><br \/>\nLa Municipalidad de San Pedro, a trav\u00e9s de la Direcci\u00f3n de Tr\u00e1nsito, informa que se encuentra abierto el Registro Municipal de motos el\u00e9ctricas, veloc\u00edpedos ecol\u00f3gicos a pedal y el\u00e9ctricos, y rodados a explosi\u00f3n de baja cilindrada (ORDENANZA N\u00ba 6.106\/14).<\/p>\n<p>Quienes posean estos rodados deber\u00e1n inscribirlos en la Direcci\u00f3n de Administraci\u00f3n de la Secretar\u00eda de Seguridad, Mitre 1985, de lunes a viernes de 8.00 a 13.00, presentado la documentaci\u00f3n que posean de los mismos.<\/p>\n","protected":false},"excerpt":{"rendered":"<p>La Municipalidad de San Pedro, a trav\u00e9s de la Direcci\u00f3n de Tr\u00e1nsito, informa que se encuentra abierto el Registro Municipal de motos el\u00e9ctricas, veloc\u00edpedos ecol\u00f3gicos a pedal y el\u00e9ctricos, y rodados a explosi\u00f3n de baja cilindrada (ORDENANZA N\u00ba 6.106\/14). Quienes posean estos rodados deber\u00e1n inscribirlos en la Direcci\u00f3n de Administraci\u00f3n de la Secretar\u00eda de Seguridad, [&hellip;]<\/p>\n","protected":false},"author":4,"featured_media":16506,"comment_status":"open","ping_status":"closed","sticky":false,"template":"","format":"standard","meta":{"om_disable_all_campaigns":false,"_jetpack_memberships_contains_paid_content":false,"footnotes":""},"categories":[101,2],"tags":[],"class_list":["post-16505","post","type-post","status-publish","format-standard","has-post-thumbnail","hentry","category-interes-general-locales","category-locales"],"aioseo_notices":[],"gutentor_comment":0,"jetpack_featured_media_url":"https:\/\/eldiariodesanpedro.com.ar\/sitio\/wp-content\/uploads\/2017\/03\/moto-electrica.jpg","jetpack_shortlink":"https:\/\/wp.me\/p6RhLt-4id","jetpack_sharing_enabled":true,"_links":{"self":[{"href":"https:\/\/eldiariodesanpedro.com.ar\/sitio\/wp-json\/wp\/v2\/posts\/16505","targetHints":{"allow":["GET"]}}],"collection":[{"href":"https:\/\/eldiariodesanpedro.com.ar\/sitio\/wp-json\/wp\/v2\/posts"}],"about":[{"href":"https:\/\/eldiariodesanpedro.com.ar\/sitio\/wp-json\/wp\/v2\/types\/post"}],"author":[{"embeddable":true,"href":"https:\/\/eldiariodesanpedro.com.ar\/sitio\/wp-json\/wp\/v2\/users\/4"}],"replies":[{"embeddable":true,"href":"https:\/\/eldiariodesanpedro.com.ar\/sitio\/wp-json\/wp\/v2\/comments?post=16505"}],"version-history":[{"count":1,"href":"https:\/\/eldiariodesanpedro.com.ar\/sitio\/wp-json\/wp\/v2\/posts\/16505\/revisions"}],"predecessor-version":[{"id":16507,"href":"https:\/\/eldiariodesanpedro.com.ar\/sitio\/wp-json\/wp\/v2\/posts\/16505\/revisions\/16507"}],"wp:featuredmedia":[{"embeddable":true,"href":"https:\/\/eldiariodesanpedro.com.ar\/sitio\/wp-json\/wp\/v2\/media\/16506"}],"wp:attachment":[{"href":"https:\/\/eldiariodesanpedro.com.ar\/sitio\/wp-json\/wp\/v2\/media?parent=16505"}],"wp:term":[{"taxonomy":"category","embeddable":true,"href":"https:\/\/eldiariodesanpedro.com.ar\/sitio\/wp-json\/wp\/v2\/categories?post=16505"},{"taxonomy":"post_tag","embeddable":true,"href":"https:\/\/eldiariodesanpedro.com.ar\/sitio\/wp-json\/wp\/v2\/tags?post=16505"}],"curies":[{"name":"wp","href":"https:\/\/api.w.org\/{rel}","templated":true}]}}