{"id":16501,"date":"2017-03-27T09:34:10","date_gmt":"2017-03-27T12:34:10","guid":{"rendered":"https:\/\/eldiariodesanpedro.com.ar\/sitio\/?p=16501"},"modified":"2017-03-27T09:34:10","modified_gmt":"2017-03-27T12:34:10","slug":"robaron-a-una-persona-que-acampaba-a-la-vera-del-rio-arrecifes","status":"publish","type":"post","link":"https:\/\/eldiariodesanpedro.com.ar\/sitio\/robaron-a-una-persona-que-acampaba-a-la-vera-del-rio-arrecifes\/","title":{"rendered":"Robaron a una persona que acampaba a la vera del R\u00edo Arrecifes"},"content":{"rendered":"<p><!-- VideographyWP Plugin Message: Automatic video embedding prevented by plugin options. --><br \/>\nEste domingo polic\u00eda del destacamento de R\u00edo Tala se hizo presente en el R\u00edo Arrecifes a la vera de la es ruta N\u00ba 9 a la altura del kil\u00f3metro 191 donde estar\u00eda acampando un grupo de personas quienes estar\u00edan realizando un fin de semana de pesca en el lugar. <\/p>\n<p>El denunciante asegura que al momento de despertarse alrededor de las 07:45 hs de la ma\u00f1ana del domingo  pudo constatar el faltante de dos bolsos con dinero en efectivo, una suma que rondar\u00eda entre los $5000 y $9000 ya que el denunciante no recuerda la suma exacta, una camrara reflex Nikon, un celular Samsung y un celular Nokia, equipo de mate y ropa, que ignorados sin violencia sustrajeron mientras dorm\u00eda y no teniendo testigos ni sospechosos. <\/p>\n","protected":false},"excerpt":{"rendered":"<p>Este domingo polic\u00eda del destacamento de R\u00edo Tala se hizo presente en el R\u00edo Arrecifes a la vera de la es ruta N\u00ba 9 a la altura del kil\u00f3metro 191 donde estar\u00eda acampando un grupo de personas quienes estar\u00edan realizando un fin de semana de pesca en el lugar. El denunciante asegura que al momento [&hellip;]<\/p>\n","protected":false},"author":4,"featured_media":9491,"comment_status":"open","ping_status":"closed","sticky":false,"template":"","format":"standard","meta":{"om_disable_all_campaigns":false,"_jetpack_memberships_contains_paid_content":false,"footnotes":""},"categories":[2,103],"tags":[],"class_list":["post-16501","post","type-post","status-publish","format-standard","has-post-thumbnail","hentry","category-locales","category-policiales-locales"],"aioseo_notices":[],"gutentor_comment":0,"jetpack_featured_media_url":"https:\/\/eldiariodesanpedro.com.ar\/sitio\/wp-content\/uploads\/2016\/11\/patrullero.jpg","jetpack_shortlink":"https:\/\/wp.me\/p6RhLt-4i9","jetpack_sharing_enabled":true,"_links":{"self":[{"href":"https:\/\/eldiariodesanpedro.com.ar\/sitio\/wp-json\/wp\/v2\/posts\/16501","targetHints":{"allow":["GET"]}}],"collection":[{"href":"https:\/\/eldiariodesanpedro.com.ar\/sitio\/wp-json\/wp\/v2\/posts"}],"about":[{"href":"https:\/\/eldiariodesanpedro.com.ar\/sitio\/wp-json\/wp\/v2\/types\/post"}],"author":[{"embeddable":true,"href":"https:\/\/eldiariodesanpedro.com.ar\/sitio\/wp-json\/wp\/v2\/users\/4"}],"replies":[{"embeddable":true,"href":"https:\/\/eldiariodesanpedro.com.ar\/sitio\/wp-json\/wp\/v2\/comments?post=16501"}],"version-history":[{"count":1,"href":"https:\/\/eldiariodesanpedro.com.ar\/sitio\/wp-json\/wp\/v2\/posts\/16501\/revisions"}],"predecessor-version":[{"id":16502,"href":"https:\/\/eldiariodesanpedro.com.ar\/sitio\/wp-json\/wp\/v2\/posts\/16501\/revisions\/16502"}],"wp:featuredmedia":[{"embeddable":true,"href":"https:\/\/eldiariodesanpedro.com.ar\/sitio\/wp-json\/wp\/v2\/media\/9491"}],"wp:attachment":[{"href":"https:\/\/eldiariodesanpedro.com.ar\/sitio\/wp-json\/wp\/v2\/media?parent=16501"}],"wp:term":[{"taxonomy":"category","embeddable":true,"href":"https:\/\/eldiariodesanpedro.com.ar\/sitio\/wp-json\/wp\/v2\/categories?post=16501"},{"taxonomy":"post_tag","embeddable":true,"href":"https:\/\/eldiariodesanpedro.com.ar\/sitio\/wp-json\/wp\/v2\/tags?post=16501"}],"curies":[{"name":"wp","href":"https:\/\/api.w.org\/{rel}","templated":true}]}}