{"id":16493,"date":"2017-03-26T20:30:34","date_gmt":"2017-03-26T23:30:34","guid":{"rendered":"https:\/\/eldiariodesanpedro.com.ar\/sitio\/?p=16493"},"modified":"2026-01-24T00:26:51","modified_gmt":"2026-01-24T03:26:51","slug":"basquet-nautico-y-mitre-en-partidos-amistosos","status":"publish","type":"post","link":"https:\/\/eldiariodesanpedro.com.ar\/sitio\/basquet-nautico-y-mitre-en-partidos-amistosos\/","title":{"rendered":"B\u00c1SQUET: N\u00e1utico y Mitre en partidos amistosos"},"content":{"rendered":"<p><!-- VideographyWP Plugin Message: Automatic video embedding prevented by plugin options. --><br \/>\n  En el gimnasio de N\u00e1utico San Pedro se jugaron partidos de las categor\u00edas Pre-mini, Mini y U13 entre el local y Mitre. Los resultados no se tienen en cuenta por ser categor\u00edas formativas. <\/p>\n","protected":false},"excerpt":{"rendered":"<p>En el gimnasio de N\u00e1utico San Pedro se jugaron partidos de las categor\u00edas Pre-mini, Mini y U13 entre el local y Mitre. Los resultados no se tienen en cuenta por ser categor\u00edas formativas.<\/p>\n","protected":false},"author":4,"featured_media":16494,"comment_status":"open","ping_status":"closed","sticky":false,"template":"","format":"standard","meta":{"om_disable_all_campaigns":false,"_jetpack_memberships_contains_paid_content":false,"footnotes":""},"categories":[5],"tags":[],"class_list":["post-16493","post","type-post","status-publish","format-standard","has-post-thumbnail","hentry","category-deportes"],"aioseo_notices":[],"gutentor_comment":0,"jetpack_featured_media_url":"https:\/\/eldiariodesanpedro.com.ar\/sitio\/wp-content\/uploads\/2017\/03\/Los-chicos-juntos-para-la-foto..jpg","jetpack_shortlink":"https:\/\/wp.me\/p6RhLt-4i1","jetpack_sharing_enabled":true,"_links":{"self":[{"href":"https:\/\/eldiariodesanpedro.com.ar\/sitio\/wp-json\/wp\/v2\/posts\/16493","targetHints":{"allow":["GET"]}}],"collection":[{"href":"https:\/\/eldiariodesanpedro.com.ar\/sitio\/wp-json\/wp\/v2\/posts"}],"about":[{"href":"https:\/\/eldiariodesanpedro.com.ar\/sitio\/wp-json\/wp\/v2\/types\/post"}],"author":[{"embeddable":true,"href":"https:\/\/eldiariodesanpedro.com.ar\/sitio\/wp-json\/wp\/v2\/users\/4"}],"replies":[{"embeddable":true,"href":"https:\/\/eldiariodesanpedro.com.ar\/sitio\/wp-json\/wp\/v2\/comments?post=16493"}],"version-history":[{"count":1,"href":"https:\/\/eldiariodesanpedro.com.ar\/sitio\/wp-json\/wp\/v2\/posts\/16493\/revisions"}],"predecessor-version":[{"id":16495,"href":"https:\/\/eldiariodesanpedro.com.ar\/sitio\/wp-json\/wp\/v2\/posts\/16493\/revisions\/16495"}],"wp:featuredmedia":[{"embeddable":true,"href":"https:\/\/eldiariodesanpedro.com.ar\/sitio\/wp-json\/wp\/v2\/media\/16494"}],"wp:attachment":[{"href":"https:\/\/eldiariodesanpedro.com.ar\/sitio\/wp-json\/wp\/v2\/media?parent=16493"}],"wp:term":[{"taxonomy":"category","embeddable":true,"href":"https:\/\/eldiariodesanpedro.com.ar\/sitio\/wp-json\/wp\/v2\/categories?post=16493"},{"taxonomy":"post_tag","embeddable":true,"href":"https:\/\/eldiariodesanpedro.com.ar\/sitio\/wp-json\/wp\/v2\/tags?post=16493"}],"curies":[{"name":"wp","href":"https:\/\/api.w.org\/{rel}","templated":true}]}}