{"id":16489,"date":"2017-03-26T20:18:04","date_gmt":"2017-03-26T23:18:04","guid":{"rendered":"https:\/\/eldiariodesanpedro.com.ar\/sitio\/?p=16489"},"modified":"2026-01-24T00:26:51","modified_gmt":"2026-01-24T03:26:51","slug":"futbol-local-la-fecha-2-dejo-muchos-goles-en-divisiones-intermedias","status":"publish","type":"post","link":"https:\/\/eldiariodesanpedro.com.ar\/sitio\/futbol-local-la-fecha-2-dejo-muchos-goles-en-divisiones-intermedias\/","title":{"rendered":"F\u00daTBOL LOCAL: La fecha 2 dej\u00f3 muchos goles en divisiones intermedias"},"content":{"rendered":"<p><!-- VideographyWP Plugin Message: Automatic video embedding prevented by plugin options. --><br \/>\nEntre viernes y s\u00e1bado se disputaron los partidos correspondientes a las divisiones intermedias del f\u00fatbol local, fecha 2, en su totalidad. Se produjeron varias goleadas. <\/p>\n<p>  Los resultados fueron los siguientes:<\/p>\n<p> <strong> Zona \u00abA\u00bb <\/strong><br \/>\nAgricultores Club vs. Independencia F. C.<br \/>\n0-7 (5ta), 1-1 (4ta) y 3-2 (3ra)<br \/>\nLa Esperanza vs. C. A. Banfield<br \/>\n2-1 (5ta), 3-1 (4ta)<br \/>\nLibre: Mitre<\/p>\n<p> <strong> Zona \u00abB\u00bb<\/strong><br \/>\nC. S. Am\u00e9rica vs. C. S. Las Palmeras (en I. F. C.)<br \/>\n4-0 (5ta), 2-2 (4ta) y 1-2 (3ra)<br \/>\nParan\u00e1 F. C. vs. C. A. Defensores Unidos<br \/>\n8-1 (5ta), 3-0 (4ta) y 2-1 (3ra)<br \/>\nLibre: San Roque FC<br \/>\nCl\u00e1sico: Central C\u00f3rdoba vs. Gral. San Mart\u00edn<br \/>\n0-6 (5ta), 3-2 (3ra)<br \/>\n<strong><br \/>\n  Zona \u00abC\u00bb<\/strong><br \/>\nB. Rivadavia vs. Dep. Alsina<br \/>\n2-2 (5ta), 1-4<br \/>\nC. S. y D. I. Portela vs. Atl\u00e9tico<br \/>\n0-8 (5ta), 0-2 (4ta) y 2-2 (3ra)<br \/>\nSportivo vs. Fundici\u00f3n FC<br \/>\n2-2 (5ta), 1-0 (4ta) y 4-0 (3ra)<\/p>\n<p><strong>Pr\u00f3xima fecha<\/strong><\/p>\n<p><strong>Zona A<\/strong><br \/>\nBanfield vs. Independencia<br \/>\nLa Esperanza vs. Mitre<\/p>\n<p><strong>Zona B<\/strong><br \/>\nAm\u00e9rica vs. C. C\u00f3rdoba<br \/>\nParan\u00e1 vs. San Roque<br \/>\nCl\u00e1sico: Las Palmeras vs. Agricultores<\/p>\n<p><strong>Zona C<\/strong><br \/>\nFundici\u00f3n vs. Rivadavia<br \/>\nAtl\u00e9tico vs. Sportivo<br \/>\nDep. Alsina vs. Ireneo Portela<\/p>\n<p><a href=\"https:\/\/eldiariodesanpedro.com.ar\/sitio\/wp-content\/uploads\/2017\/03\/Paran\u00e1-gole\u00f3-a-CADU-en-5ta-divisi\u00f3n.jpg\"><img decoding=\"async\" data-attachment-id=\"16491\" data-permalink=\"https:\/\/eldiariodesanpedro.com.ar\/sitio\/futbol-local-la-fecha-2-dejo-muchos-goles-en-divisiones-intermedias\/parana-goleo-a-cadu-en-5ta-division\/\" data-orig-file=\"https:\/\/eldiariodesanpedro.com.ar\/sitio\/wp-content\/uploads\/2017\/03\/Paran\u00e1-gole\u00f3-a-CADU-en-5ta-divisi\u00f3n.jpg\" data-orig-size=\"971,1000\" data-comments-opened=\"1\" data-image-meta=\"{&quot;aperture&quot;:&quot;5.8&quot;,&quot;credit&quot;:&quot;&quot;,&quot;camera&quot;:&quot;FinePix S4000&quot;,&quot;caption&quot;:&quot;&quot;,&quot;created_timestamp&quot;:&quot;949715679&quot;,&quot;copyright&quot;:&quot;&quot;,&quot;focal_length&quot;:&quot;77.25&quot;,&quot;iso&quot;:&quot;64&quot;,&quot;shutter_speed&quot;:&quot;0.0023809523809524&quot;,&quot;title&quot;:&quot;&quot;,&quot;orientation&quot;:&quot;0&quot;}\" data-image-title=\"Paran\u00e1 gole\u00f3 a CADU en 5ta divisi\u00f3n\" data-image-description=\"\" data-image-caption=\"\" data-large-file=\"https:\/\/eldiariodesanpedro.com.ar\/sitio\/wp-content\/uploads\/2017\/03\/Paran\u00e1-gole\u00f3-a-CADU-en-5ta-divisi\u00f3n.jpg\" data-src=\"https:\/\/eldiariodesanpedro.com.ar\/sitio\/wp-content\/uploads\/2017\/03\/Paran\u00e1-gole\u00f3-a-CADU-en-5ta-divisi\u00f3n-291x300.jpg\" alt=\"\" width=\"291\" height=\"300\" class=\"alignnone size-medium wp-image-16491 lazyload\" data-srcset=\"https:\/\/eldiariodesanpedro.com.ar\/sitio\/wp-content\/uploads\/2017\/03\/Paran\u00e1-gole\u00f3-a-CADU-en-5ta-divisi\u00f3n-291x300.jpg 291w, https:\/\/eldiariodesanpedro.com.ar\/sitio\/wp-content\/uploads\/2017\/03\/Paran\u00e1-gole\u00f3-a-CADU-en-5ta-divisi\u00f3n-768x791.jpg 768w, https:\/\/eldiariodesanpedro.com.ar\/sitio\/wp-content\/uploads\/2017\/03\/Paran\u00e1-gole\u00f3-a-CADU-en-5ta-divisi\u00f3n.jpg 971w\" data-sizes=\"(max-width: 291px) 100vw, 291px\" src=\"data:image\/svg+xml;base64,PHN2ZyB3aWR0aD0iMSIgaGVpZ2h0PSIxIiB4bWxucz0iaHR0cDovL3d3dy53My5vcmcvMjAwMC9zdmciPjwvc3ZnPg==\" style=\"--smush-placeholder-width: 291px; --smush-placeholder-aspect-ratio: 291\/300;\" \/><\/a><\/p>\n","protected":false},"excerpt":{"rendered":"<p>Entre viernes y s\u00e1bado se disputaron los partidos correspondientes a las divisiones intermedias del f\u00fatbol local, fecha 2, en su totalidad. Se produjeron varias goleadas. Los resultados fueron los siguientes: Zona \u00abA\u00bb Agricultores Club vs. Independencia F. C. 0-7 (5ta), 1-1 (4ta) y 3-2 (3ra) La Esperanza vs. C. A. Banfield 2-1 (5ta), 3-1 (4ta) [&hellip;]<\/p>\n","protected":false},"author":4,"featured_media":16490,"comment_status":"open","ping_status":"closed","sticky":false,"template":"","format":"standard","meta":{"om_disable_all_campaigns":false,"_jetpack_memberships_contains_paid_content":false,"footnotes":""},"categories":[5],"tags":[],"class_list":["post-16489","post","type-post","status-publish","format-standard","has-post-thumbnail","hentry","category-deportes"],"aioseo_notices":[],"gutentor_comment":0,"jetpack_featured_media_url":"https:\/\/eldiariodesanpedro.com.ar\/sitio\/wp-content\/uploads\/2017\/03\/Paran\u00e1-reafirma-su-buen-trabajo-en-inferiores.jpg","jetpack_shortlink":"https:\/\/wp.me\/p6RhLt-4hX","jetpack_sharing_enabled":true,"_links":{"self":[{"href":"https:\/\/eldiariodesanpedro.com.ar\/sitio\/wp-json\/wp\/v2\/posts\/16489","targetHints":{"allow":["GET"]}}],"collection":[{"href":"https:\/\/eldiariodesanpedro.com.ar\/sitio\/wp-json\/wp\/v2\/posts"}],"about":[{"href":"https:\/\/eldiariodesanpedro.com.ar\/sitio\/wp-json\/wp\/v2\/types\/post"}],"author":[{"embeddable":true,"href":"https:\/\/eldiariodesanpedro.com.ar\/sitio\/wp-json\/wp\/v2\/users\/4"}],"replies":[{"embeddable":true,"href":"https:\/\/eldiariodesanpedro.com.ar\/sitio\/wp-json\/wp\/v2\/comments?post=16489"}],"version-history":[{"count":1,"href":"https:\/\/eldiariodesanpedro.com.ar\/sitio\/wp-json\/wp\/v2\/posts\/16489\/revisions"}],"predecessor-version":[{"id":16492,"href":"https:\/\/eldiariodesanpedro.com.ar\/sitio\/wp-json\/wp\/v2\/posts\/16489\/revisions\/16492"}],"wp:featuredmedia":[{"embeddable":true,"href":"https:\/\/eldiariodesanpedro.com.ar\/sitio\/wp-json\/wp\/v2\/media\/16490"}],"wp:attachment":[{"href":"https:\/\/eldiariodesanpedro.com.ar\/sitio\/wp-json\/wp\/v2\/media?parent=16489"}],"wp:term":[{"taxonomy":"category","embeddable":true,"href":"https:\/\/eldiariodesanpedro.com.ar\/sitio\/wp-json\/wp\/v2\/categories?post=16489"},{"taxonomy":"post_tag","embeddable":true,"href":"https:\/\/eldiariodesanpedro.com.ar\/sitio\/wp-json\/wp\/v2\/tags?post=16489"}],"curies":[{"name":"wp","href":"https:\/\/api.w.org\/{rel}","templated":true}]}}