{"id":16484,"date":"2017-03-26T20:05:33","date_gmt":"2017-03-26T23:05:33","guid":{"rendered":"https:\/\/eldiariodesanpedro.com.ar\/sitio\/?p=16484"},"modified":"2026-01-24T00:26:51","modified_gmt":"2026-01-24T03:26:51","slug":"karate-el-sensei-hector-barcala-prepara-su-viaje-a-barcelona-espana","status":"publish","type":"post","link":"https:\/\/eldiariodesanpedro.com.ar\/sitio\/karate-el-sensei-hector-barcala-prepara-su-viaje-a-barcelona-espana\/","title":{"rendered":"KARATE: El sensei H\u00e9ctor Barcala prepara su viaje a Barcelona, Espa\u00f1a"},"content":{"rendered":"<p><!-- VideographyWP Plugin Message: Automatic video embedding prevented by plugin options. --><br \/>\n  Argentina estar\u00e1 presente en el 8vo World Championship de karate y kobudo hayashi-ha Shito ryu Kai. El mismo se llevar\u00e1 a cabo en Barcelona, Espa\u00f1a entre el 28 al 30 de Julio. Estar\u00e1n presentes 15 integrantes del seleccionado nacional, bajo la direcci\u00f3n general de Shijan H\u00e9ctor Barcala y como entrenadores Jes\u00fas Latapy (San Nicol\u00e1s) y Federico Barcala.<\/p>\n<p>  Sin duda, esta edici\u00f3n va a ser del m\u00e1s alto nivel dado que estar\u00e1n todos los pa\u00edses de Europa y Asia como as\u00ed tambi\u00e9n la delegaci\u00f3n de Jap\u00f3n. Habr\u00e1 representaci\u00f3n sampedrina en tan importante evento internacional.<\/p>\n<p><strong>SUDAMERICANO EN JULIO<\/strong><\/p>\n<p>  El Torneo Sudamericano de World Uni\u00f3n Karate Federaci\u00f3n se realizar\u00e1 en la ciudad de C\u00f3rdoba a principio del mes de Julio.<\/p>\n<p>  El destacado Sensei Barcala, durante su brillante carrera deportiva, ha conseguido el t\u00edtulo de Campe\u00f3n mundial en m\u00faltiples oportunidades y es uno de los pocos maestros que ha tenido la oportunidad de rendir y aprobar examen en Jap\u00f3n.  <\/p>\n<p>  Sensei H\u00e9ctor Barcala, cintur\u00f3n Negro 6 Dan Director en Argentina del estilo HAYASHI-HA SHITORYU-KAI y Presidente de la Organizaci\u00f3n Sudamericana del mismo estilo.<\/p>\n","protected":false},"excerpt":{"rendered":"<p>Argentina estar\u00e1 presente en el 8vo World Championship de karate y kobudo hayashi-ha Shito ryu Kai. El mismo se llevar\u00e1 a cabo en Barcelona, Espa\u00f1a entre el 28 al 30 de Julio. Estar\u00e1n presentes 15 integrantes del seleccionado nacional, bajo la direcci\u00f3n general de Shijan H\u00e9ctor Barcala y como entrenadores Jes\u00fas Latapy (San Nicol\u00e1s) y [&hellip;]<\/p>\n","protected":false},"author":4,"featured_media":16485,"comment_status":"open","ping_status":"closed","sticky":false,"template":"","format":"standard","meta":{"om_disable_all_campaigns":false,"_jetpack_memberships_contains_paid_content":false,"footnotes":""},"categories":[5],"tags":[],"class_list":["post-16484","post","type-post","status-publish","format-standard","has-post-thumbnail","hentry","category-deportes"],"aioseo_notices":[],"gutentor_comment":0,"jetpack_featured_media_url":"https:\/\/eldiariodesanpedro.com.ar\/sitio\/wp-content\/uploads\/2017\/03\/Sensei-H\u00e9ctor-Barcala.jpg","jetpack_shortlink":"https:\/\/wp.me\/p6RhLt-4hS","jetpack_sharing_enabled":true,"_links":{"self":[{"href":"https:\/\/eldiariodesanpedro.com.ar\/sitio\/wp-json\/wp\/v2\/posts\/16484","targetHints":{"allow":["GET"]}}],"collection":[{"href":"https:\/\/eldiariodesanpedro.com.ar\/sitio\/wp-json\/wp\/v2\/posts"}],"about":[{"href":"https:\/\/eldiariodesanpedro.com.ar\/sitio\/wp-json\/wp\/v2\/types\/post"}],"author":[{"embeddable":true,"href":"https:\/\/eldiariodesanpedro.com.ar\/sitio\/wp-json\/wp\/v2\/users\/4"}],"replies":[{"embeddable":true,"href":"https:\/\/eldiariodesanpedro.com.ar\/sitio\/wp-json\/wp\/v2\/comments?post=16484"}],"version-history":[{"count":1,"href":"https:\/\/eldiariodesanpedro.com.ar\/sitio\/wp-json\/wp\/v2\/posts\/16484\/revisions"}],"predecessor-version":[{"id":16486,"href":"https:\/\/eldiariodesanpedro.com.ar\/sitio\/wp-json\/wp\/v2\/posts\/16484\/revisions\/16486"}],"wp:featuredmedia":[{"embeddable":true,"href":"https:\/\/eldiariodesanpedro.com.ar\/sitio\/wp-json\/wp\/v2\/media\/16485"}],"wp:attachment":[{"href":"https:\/\/eldiariodesanpedro.com.ar\/sitio\/wp-json\/wp\/v2\/media?parent=16484"}],"wp:term":[{"taxonomy":"category","embeddable":true,"href":"https:\/\/eldiariodesanpedro.com.ar\/sitio\/wp-json\/wp\/v2\/categories?post=16484"},{"taxonomy":"post_tag","embeddable":true,"href":"https:\/\/eldiariodesanpedro.com.ar\/sitio\/wp-json\/wp\/v2\/tags?post=16484"}],"curies":[{"name":"wp","href":"https:\/\/api.w.org\/{rel}","templated":true}]}}