{"id":16481,"date":"2017-03-26T19:26:47","date_gmt":"2017-03-26T22:26:47","guid":{"rendered":"https:\/\/eldiariodesanpedro.com.ar\/sitio\/?p=16481"},"modified":"2017-03-26T19:26:47","modified_gmt":"2017-03-26T22:26:47","slug":"san-nicolas-dictaron-prision-preventiva-a-uno-de-los-acusados-de-incendiar-la-iglesia-catedral","status":"publish","type":"post","link":"https:\/\/eldiariodesanpedro.com.ar\/sitio\/san-nicolas-dictaron-prision-preventiva-a-uno-de-los-acusados-de-incendiar-la-iglesia-catedral\/","title":{"rendered":"SAN NICOL\u00c1S: Dictaron prisi\u00f3n preventiva a uno de los acusados de incendiar la Iglesia Catedral"},"content":{"rendered":"<p><!-- VideographyWP Plugin Message: Automatic video embedding prevented by plugin options. --><br \/>\n  El Juez Ricardo Prati resolvi\u00f3 dictarle prisi\u00f3n preventiva a Mauro Sosa por el incendio de la Iglesia Catedral. Lo hizo a pedido del Titular de la UFI N\u00b03 Dr. Julio Tan\u00fas, quien est\u00e1 a cargo de la investigaci\u00f3n. Un menor de 16 a\u00f1os qued\u00f3 imputado en la causa y se encuentra internado en un Instituto de la localidad de San Miguel.<\/p>\n<p>  A menos de dos meses del terrible incendio que destruy\u00f3 gran parte del patrimonio hist\u00f3rico cultural y religioso de la Catedral de San Nicol\u00e1s, el Juez Dr. Ricardo Prati resolvi\u00f3 otorgarle la prisi\u00f3n preventiva a Mauro Sosa por ese aberrante delito. La Defensa podr\u00e1 apelar la determinaci\u00f3n.<\/p>\n<p>  Desde que a principios de febrero el informe preliminar sobre el incendio a la Catedral habr\u00eda demostrado que el inicio del fuego no se debi\u00f3 a un desperfecto el\u00e9ctrico, sino que pudo ser provocado, la investigaci\u00f3n se centr\u00f3 especialmente en dar con el o los autores de dicho atentado. <\/p>\n<p>  En un principio, no hab\u00eda indicios que el siniestro se hubiera producido de manera intencional porque no se encontraron elementos que as\u00ed lo demostraran, como encendedores o cigarrillos. En el sector donde comenz\u00f3 el incendio, m\u00e1s precisamente debajo del retablo, tampoco hab\u00eda velas encendidas ni nada que pudiera provocar el fuego, por lo que la hip\u00f3tesis de que se hubiera tratado de un atentado, era la m\u00e1s fuerte.<\/p>\n<p>  El 10 de febrero se produjo la detenci\u00f3n de Sosa, la cual fue efectivizada por agentes de la DDI, momento desde el cual se encuentra detenido. <\/p>\n<p>  Aparentemente Sosa tendr\u00eda una \u201cprobation\u201d por un delito cometido en la localidad de San Pedro.<\/p>\n<p>  Asimismo, el menor de 16 a\u00f1os que por sus propios medios se hab\u00eda acercado a la Comisar\u00eda la semana anterior a esta aprehensi\u00f3n, alegando haber sido uno de los autores del siniestro qued\u00f3 imputado en la causa. Por propia voluntad se encuentra internado en el Instituto de la localidad de San Miguel con intervenci\u00f3n de Proden y a cargo del Dr. Jos\u00e9 Mar\u00eda Guadagnoli del fuero Penal Juvenil. <\/p>\n<p>  Seg\u00fan lo que se pudo establecer, tanto Sosa como el menor, deambulaban continuamente por la zona de la plaza, m\u00e1s precisamente en la parte donde se ubica la p\u00e9rgola. Quienes los conoc\u00edan, comentan que los muchachos pr\u00e1cticamente viv\u00edan en la calle y se los ve\u00eda \u201cperdidos\u201d v\u00edctimas de adicciones. Todo indicar\u00eda que el motivo que los habr\u00eda llevado a cometer semejante da\u00f1o al templo religioso, habr\u00eda sido meramente vand\u00e1lico. De hecho, varios testimonios los se\u00f1alan junto a un tercero en el momento en que los Bomberos estaban apagando las llamas, sentados en un banco de la plaza burl\u00e1ndose de lo sucedido.<\/p>\n<p><strong>Preventiva<\/strong><\/p>\n<p>  Con la decisi\u00f3n del Juez Prati se da un gran paso en el esclarecimiento de este delito. \u201cEl Dr. Ricardo Prati ha accedido al petitorio formulado por esta Fiscal\u00eda N\u00b0 3 en cuanto a lo que es el dictado de la prisi\u00f3n preventiva contra Mauro Miguel Sosa por el delito de incendio con peligro com\u00fan a los bienes, que afect\u00f3 a la Catedral. De este modo nos deja tranquilos, que tanto la autor\u00eda como la responsabilidad de este muchacho en el hecho ha quedado acreditada con los distintos elementos de prueba que hemos recolectado durante la investigaci\u00f3n. A no m\u00e1s de dos meses, ya tener casi esclarecido el hecho es satisfactorio\u201d, coment\u00f3 a nuestro medio el fiscal de la UFI N\u00b0 3 Julio Tan\u00fas.<\/p>\n<p>  Tras la investigaci\u00f3n realizada por la fiscal\u00eda se determin\u00f3 que Sosa junto al menor que est\u00e1 internado en un Instituto en San Miguel ingresaron a la Catedral a las 14.20 hs. del 26 de enero y salieron a las 14.35 hs. \u201cJunto a las c\u00e1maras, hubo una declaraci\u00f3n testimonial de una se\u00f1ora que estaba orando, la que pudo determinar que no vio a nadie m\u00e1s que a estos dos muchachos, que parec\u00eda que estaban efectuando alguna tarea en la parte del retablo del sector izquierdo, donde justamente la pericia de Bomberos determin\u00f3 que se inicia el fuego. Esta prueba acompa\u00f1ada de otra testimonial muy importante, donde este tercer implicado fue utilizado como testigo y pudo aportar que tanto Sosa como el menor, despu\u00e9s de haber incendiado la Catedral, se juntaron a tomar una gaseosa y se echaban la culpa mutuamente entre risas ir\u00f3nicas, burl\u00e1ndose de lo sucedido. Con todas las pruebas analizadas en su conjunto se pudo determinar la autor\u00eda y responsabilidad de estos muchachos\u201d. Explic\u00f3 Tan\u00fas<\/p>\n","protected":false},"excerpt":{"rendered":"<p>El Juez Ricardo Prati resolvi\u00f3 dictarle prisi\u00f3n preventiva a Mauro Sosa por el incendio de la Iglesia Catedral. Lo hizo a pedido del Titular de la UFI N\u00b03 Dr. Julio Tan\u00fas, quien est\u00e1 a cargo de la investigaci\u00f3n. Un menor de 16 a\u00f1os qued\u00f3 imputado en la causa y se encuentra internado en un Instituto [&hellip;]<\/p>\n","protected":false},"author":4,"featured_media":16482,"comment_status":"open","ping_status":"closed","sticky":false,"template":"","format":"standard","meta":{"om_disable_all_campaigns":false,"_jetpack_memberships_contains_paid_content":false,"footnotes":""},"categories":[621],"tags":[],"class_list":["post-16481","post","type-post","status-publish","format-standard","has-post-thumbnail","hentry","category-regionales"],"aioseo_notices":[],"gutentor_comment":0,"jetpack_featured_media_url":"https:\/\/eldiariodesanpedro.com.ar\/sitio\/wp-content\/uploads\/2017\/03\/catedral-incendiada.jpg","jetpack_shortlink":"https:\/\/wp.me\/p6RhLt-4hP","jetpack_sharing_enabled":true,"_links":{"self":[{"href":"https:\/\/eldiariodesanpedro.com.ar\/sitio\/wp-json\/wp\/v2\/posts\/16481","targetHints":{"allow":["GET"]}}],"collection":[{"href":"https:\/\/eldiariodesanpedro.com.ar\/sitio\/wp-json\/wp\/v2\/posts"}],"about":[{"href":"https:\/\/eldiariodesanpedro.com.ar\/sitio\/wp-json\/wp\/v2\/types\/post"}],"author":[{"embeddable":true,"href":"https:\/\/eldiariodesanpedro.com.ar\/sitio\/wp-json\/wp\/v2\/users\/4"}],"replies":[{"embeddable":true,"href":"https:\/\/eldiariodesanpedro.com.ar\/sitio\/wp-json\/wp\/v2\/comments?post=16481"}],"version-history":[{"count":1,"href":"https:\/\/eldiariodesanpedro.com.ar\/sitio\/wp-json\/wp\/v2\/posts\/16481\/revisions"}],"predecessor-version":[{"id":16483,"href":"https:\/\/eldiariodesanpedro.com.ar\/sitio\/wp-json\/wp\/v2\/posts\/16481\/revisions\/16483"}],"wp:featuredmedia":[{"embeddable":true,"href":"https:\/\/eldiariodesanpedro.com.ar\/sitio\/wp-json\/wp\/v2\/media\/16482"}],"wp:attachment":[{"href":"https:\/\/eldiariodesanpedro.com.ar\/sitio\/wp-json\/wp\/v2\/media?parent=16481"}],"wp:term":[{"taxonomy":"category","embeddable":true,"href":"https:\/\/eldiariodesanpedro.com.ar\/sitio\/wp-json\/wp\/v2\/categories?post=16481"},{"taxonomy":"post_tag","embeddable":true,"href":"https:\/\/eldiariodesanpedro.com.ar\/sitio\/wp-json\/wp\/v2\/tags?post=16481"}],"curies":[{"name":"wp","href":"https:\/\/api.w.org\/{rel}","templated":true}]}}