{"id":16475,"date":"2017-03-26T19:04:33","date_gmt":"2017-03-26T22:04:33","guid":{"rendered":"https:\/\/eldiariodesanpedro.com.ar\/sitio\/?p=16475"},"modified":"2017-03-26T19:04:33","modified_gmt":"2017-03-26T22:04:33","slug":"aprehendieron-a-un-sujeto-que-realizaba-ademanes-con-un-cuchillo-de-carnicero","status":"publish","type":"post","link":"https:\/\/eldiariodesanpedro.com.ar\/sitio\/aprehendieron-a-un-sujeto-que-realizaba-ademanes-con-un-cuchillo-de-carnicero\/","title":{"rendered":"Aprehendieron a un sujeto que realizaba ademanes con un cuchillo de carnicero"},"content":{"rendered":"<p><!-- VideographyWP Plugin Message: Automatic video embedding prevented by plugin options. --><br \/>\n  Ocurri\u00f3 en la intersecci\u00f3n de calle Ruffa y La Laguna el jueves pasado; cuando un sujeto mayor de edad que se encontraba junto a grupo de j\u00f3venes realizaba ademanes con un cuchillo tipo carnicero y, adem\u00e1s, con el mismo, intimidaba a los transe\u00fantes. <\/p>\n<p>  Cuando el m\u00f3vil policial arrib\u00f3 al lugar, el sujeto \u201cdescart\u00f3\u201d el arma blanca. Sin embargo, el personal policial logr\u00f3 aprehenderlo y trasladarlo a la dependencia policial.<\/p>\n<p>  La Jueza de Paz, Dra. Stella Maris Ruiz, dispuso inicio de actuaciones contravencionales y su posterior libertad.<\/p>\n","protected":false},"excerpt":{"rendered":"<p>Ocurri\u00f3 en la intersecci\u00f3n de calle Ruffa y La Laguna el jueves pasado; cuando un sujeto mayor de edad que se encontraba junto a grupo de j\u00f3venes realizaba ademanes con un cuchillo tipo carnicero y, adem\u00e1s, con el mismo, intimidaba a los transe\u00fantes. Cuando el m\u00f3vil policial arrib\u00f3 al lugar, el sujeto \u201cdescart\u00f3\u201d el arma [&hellip;]<\/p>\n","protected":false},"author":4,"featured_media":1378,"comment_status":"open","ping_status":"closed","sticky":false,"template":"","format":"standard","meta":{"om_disable_all_campaigns":false,"_jetpack_memberships_contains_paid_content":false,"footnotes":""},"categories":[2,103],"tags":[],"class_list":["post-16475","post","type-post","status-publish","format-standard","has-post-thumbnail","hentry","category-locales","category-policiales-locales"],"aioseo_notices":[],"gutentor_comment":0,"jetpack_featured_media_url":"https:\/\/eldiariodesanpedro.com.ar\/sitio\/wp-content\/uploads\/2015\/12\/detenido-esposado-620x413.jpg","jetpack_shortlink":"https:\/\/wp.me\/p6RhLt-4hJ","jetpack_sharing_enabled":true,"_links":{"self":[{"href":"https:\/\/eldiariodesanpedro.com.ar\/sitio\/wp-json\/wp\/v2\/posts\/16475","targetHints":{"allow":["GET"]}}],"collection":[{"href":"https:\/\/eldiariodesanpedro.com.ar\/sitio\/wp-json\/wp\/v2\/posts"}],"about":[{"href":"https:\/\/eldiariodesanpedro.com.ar\/sitio\/wp-json\/wp\/v2\/types\/post"}],"author":[{"embeddable":true,"href":"https:\/\/eldiariodesanpedro.com.ar\/sitio\/wp-json\/wp\/v2\/users\/4"}],"replies":[{"embeddable":true,"href":"https:\/\/eldiariodesanpedro.com.ar\/sitio\/wp-json\/wp\/v2\/comments?post=16475"}],"version-history":[{"count":1,"href":"https:\/\/eldiariodesanpedro.com.ar\/sitio\/wp-json\/wp\/v2\/posts\/16475\/revisions"}],"predecessor-version":[{"id":16476,"href":"https:\/\/eldiariodesanpedro.com.ar\/sitio\/wp-json\/wp\/v2\/posts\/16475\/revisions\/16476"}],"wp:featuredmedia":[{"embeddable":true,"href":"https:\/\/eldiariodesanpedro.com.ar\/sitio\/wp-json\/wp\/v2\/media\/1378"}],"wp:attachment":[{"href":"https:\/\/eldiariodesanpedro.com.ar\/sitio\/wp-json\/wp\/v2\/media?parent=16475"}],"wp:term":[{"taxonomy":"category","embeddable":true,"href":"https:\/\/eldiariodesanpedro.com.ar\/sitio\/wp-json\/wp\/v2\/categories?post=16475"},{"taxonomy":"post_tag","embeddable":true,"href":"https:\/\/eldiariodesanpedro.com.ar\/sitio\/wp-json\/wp\/v2\/tags?post=16475"}],"curies":[{"name":"wp","href":"https:\/\/api.w.org\/{rel}","templated":true}]}}