{"id":16472,"date":"2017-03-26T19:00:26","date_gmt":"2017-03-26T22:00:26","guid":{"rendered":"https:\/\/eldiariodesanpedro.com.ar\/sitio\/?p=16472"},"modified":"2017-03-26T19:00:26","modified_gmt":"2017-03-26T22:00:26","slug":"tras-la-autopsia-se-confirmo-que-olga-viviana-galvez-no-fallecio-a-causa-de-un-golpe","status":"publish","type":"post","link":"https:\/\/eldiariodesanpedro.com.ar\/sitio\/tras-la-autopsia-se-confirmo-que-olga-viviana-galvez-no-fallecio-a-causa-de-un-golpe\/","title":{"rendered":"Tras la autopsia, se confirm\u00f3 que Olga Viviana G\u00e1lvez no falleci\u00f3 a causa de un golpe"},"content":{"rendered":"<p><!-- VideographyWP Plugin Message: Automatic video embedding prevented by plugin options. --><br \/>\n  Los peritajes realizados el viernes, confirmaron que el deceso de Olga Viviana G\u00e1lvez, de 46 a\u00f1os, se produjo como consecuencia de un Accidente Cerebro Vascular, y adem\u00e1s no \u201cse constataron lesiones \u00f3seas\u201d. En tanto que su concubino, que hab\u00eda sido aprehendido en la jornada de este viernes, mientras se llevaban a cabo las pericias, recuper\u00f3 la libertad.<\/p>\n<p>  De esta manera se desestim\u00f3 la versi\u00f3n que hab\u00eda surgido tras su atenci\u00f3n en la Cl\u00ednica UOM de la ciudad de San Nicol\u00e1s, acerca de una posible agresi\u00f3n f\u00edsica mediante un golpe contundente en el cr\u00e1neo.<\/p>\n<p>  El mi\u00e9rcoles pasado, G\u00e1lvez de 46 a\u00f1os, ingres\u00f3 con un grave cuadro al Hospital. Luego de unas horas fue derivada a la Cl\u00ednica UOM de San Nicol\u00e1s donde falleci\u00f3.<\/p>\n<p>  Comentarios de familiares sobre supuestos hechos de violencia hab\u00edan motivado la intervenci\u00f3n de la Justicia. Las versiones indicaban que el fallecimiento se hab\u00eda dado como consecuencia de un fuerte golpe que recibi\u00f3 provoc\u00e1ndole una fisura en el cr\u00e1neo, situaci\u00f3n que luego el Dr. Hern\u00e1n Granda desestim\u00f3.<\/p>\n","protected":false},"excerpt":{"rendered":"<p>Los peritajes realizados el viernes, confirmaron que el deceso de Olga Viviana G\u00e1lvez, de 46 a\u00f1os, se produjo como consecuencia de un Accidente Cerebro Vascular, y adem\u00e1s no \u201cse constataron lesiones \u00f3seas\u201d. En tanto que su concubino, que hab\u00eda sido aprehendido en la jornada de este viernes, mientras se llevaban a cabo las pericias, recuper\u00f3 [&hellip;]<\/p>\n","protected":false},"author":4,"featured_media":0,"comment_status":"open","ping_status":"closed","sticky":false,"template":"","format":"standard","meta":{"om_disable_all_campaigns":false,"_jetpack_memberships_contains_paid_content":false,"footnotes":""},"categories":[50,2,103],"tags":[],"class_list":["post-16472","post","type-post","status-publish","format-standard","hentry","category-destacadas","category-locales","category-policiales-locales"],"aioseo_notices":[],"gutentor_comment":0,"jetpack_featured_media_url":"","jetpack_shortlink":"https:\/\/wp.me\/p6RhLt-4hG","jetpack_sharing_enabled":true,"_links":{"self":[{"href":"https:\/\/eldiariodesanpedro.com.ar\/sitio\/wp-json\/wp\/v2\/posts\/16472","targetHints":{"allow":["GET"]}}],"collection":[{"href":"https:\/\/eldiariodesanpedro.com.ar\/sitio\/wp-json\/wp\/v2\/posts"}],"about":[{"href":"https:\/\/eldiariodesanpedro.com.ar\/sitio\/wp-json\/wp\/v2\/types\/post"}],"author":[{"embeddable":true,"href":"https:\/\/eldiariodesanpedro.com.ar\/sitio\/wp-json\/wp\/v2\/users\/4"}],"replies":[{"embeddable":true,"href":"https:\/\/eldiariodesanpedro.com.ar\/sitio\/wp-json\/wp\/v2\/comments?post=16472"}],"version-history":[{"count":1,"href":"https:\/\/eldiariodesanpedro.com.ar\/sitio\/wp-json\/wp\/v2\/posts\/16472\/revisions"}],"predecessor-version":[{"id":16474,"href":"https:\/\/eldiariodesanpedro.com.ar\/sitio\/wp-json\/wp\/v2\/posts\/16472\/revisions\/16474"}],"wp:attachment":[{"href":"https:\/\/eldiariodesanpedro.com.ar\/sitio\/wp-json\/wp\/v2\/media?parent=16472"}],"wp:term":[{"taxonomy":"category","embeddable":true,"href":"https:\/\/eldiariodesanpedro.com.ar\/sitio\/wp-json\/wp\/v2\/categories?post=16472"},{"taxonomy":"post_tag","embeddable":true,"href":"https:\/\/eldiariodesanpedro.com.ar\/sitio\/wp-json\/wp\/v2\/tags?post=16472"}],"curies":[{"name":"wp","href":"https:\/\/api.w.org\/{rel}","templated":true}]}}