{"id":16466,"date":"2017-03-26T18:50:12","date_gmt":"2017-03-26T21:50:12","guid":{"rendered":"https:\/\/eldiariodesanpedro.com.ar\/sitio\/?p=16466"},"modified":"2017-03-26T18:50:12","modified_gmt":"2017-03-26T21:50:12","slug":"delincuentes-robaron-de-la-sede-del-cem-una-caja-fuerte","status":"publish","type":"post","link":"https:\/\/eldiariodesanpedro.com.ar\/sitio\/delincuentes-robaron-de-la-sede-del-cem-una-caja-fuerte\/","title":{"rendered":"Delincuentes robaron de la sede del CEM una caja fuerte"},"content":{"rendered":"<p><!-- VideographyWP Plugin Message: Automatic video embedding prevented by plugin options. --><br \/>\n  Autores desconocidos, lograron entrar este s\u00e1bado a la Sede del Centro de Emergencias M\u00e9dicas que se encuentra en Pueyrred\u00f3n 400, tras violentar una ventana lateral. Una vez en el edificio, dieron con la caja de seguridad que se encontraba dentro de un armario, y se la llevaron.<\/p>\n<p>  En su interior hab\u00eda una suma de dinero que no fue precisada hasta el momento. Interviene la UFI N\u00ba 11.<\/p>\n","protected":false},"excerpt":{"rendered":"<p>Autores desconocidos, lograron entrar este s\u00e1bado a la Sede del Centro de Emergencias M\u00e9dicas que se encuentra en Pueyrred\u00f3n 400, tras violentar una ventana lateral. Una vez en el edificio, dieron con la caja de seguridad que se encontraba dentro de un armario, y se la llevaron. En su interior hab\u00eda una suma de dinero [&hellip;]<\/p>\n","protected":false},"author":4,"featured_media":16467,"comment_status":"open","ping_status":"closed","sticky":false,"template":"","format":"standard","meta":{"om_disable_all_campaigns":false,"_jetpack_memberships_contains_paid_content":false,"footnotes":""},"categories":[2,103],"tags":[],"class_list":["post-16466","post","type-post","status-publish","format-standard","has-post-thumbnail","hentry","category-locales","category-policiales-locales"],"aioseo_notices":[],"gutentor_comment":0,"jetpack_featured_media_url":"https:\/\/eldiariodesanpedro.com.ar\/sitio\/wp-content\/uploads\/2017\/03\/cem.jpg","jetpack_shortlink":"https:\/\/wp.me\/p6RhLt-4hA","jetpack_sharing_enabled":true,"_links":{"self":[{"href":"https:\/\/eldiariodesanpedro.com.ar\/sitio\/wp-json\/wp\/v2\/posts\/16466","targetHints":{"allow":["GET"]}}],"collection":[{"href":"https:\/\/eldiariodesanpedro.com.ar\/sitio\/wp-json\/wp\/v2\/posts"}],"about":[{"href":"https:\/\/eldiariodesanpedro.com.ar\/sitio\/wp-json\/wp\/v2\/types\/post"}],"author":[{"embeddable":true,"href":"https:\/\/eldiariodesanpedro.com.ar\/sitio\/wp-json\/wp\/v2\/users\/4"}],"replies":[{"embeddable":true,"href":"https:\/\/eldiariodesanpedro.com.ar\/sitio\/wp-json\/wp\/v2\/comments?post=16466"}],"version-history":[{"count":1,"href":"https:\/\/eldiariodesanpedro.com.ar\/sitio\/wp-json\/wp\/v2\/posts\/16466\/revisions"}],"predecessor-version":[{"id":16468,"href":"https:\/\/eldiariodesanpedro.com.ar\/sitio\/wp-json\/wp\/v2\/posts\/16466\/revisions\/16468"}],"wp:featuredmedia":[{"embeddable":true,"href":"https:\/\/eldiariodesanpedro.com.ar\/sitio\/wp-json\/wp\/v2\/media\/16467"}],"wp:attachment":[{"href":"https:\/\/eldiariodesanpedro.com.ar\/sitio\/wp-json\/wp\/v2\/media?parent=16466"}],"wp:term":[{"taxonomy":"category","embeddable":true,"href":"https:\/\/eldiariodesanpedro.com.ar\/sitio\/wp-json\/wp\/v2\/categories?post=16466"},{"taxonomy":"post_tag","embeddable":true,"href":"https:\/\/eldiariodesanpedro.com.ar\/sitio\/wp-json\/wp\/v2\/tags?post=16466"}],"curies":[{"name":"wp","href":"https:\/\/api.w.org\/{rel}","templated":true}]}}