{"id":16463,"date":"2017-03-26T18:35:25","date_gmt":"2017-03-26T21:35:25","guid":{"rendered":"https:\/\/eldiariodesanpedro.com.ar\/sitio\/?p=16463"},"modified":"2017-03-26T18:35:25","modified_gmt":"2017-03-26T21:35:25","slug":"un-hombre-resulto-herido-en-un-choque-entre-dos-autos-que-colisionaron-en-la-ruta-191","status":"publish","type":"post","link":"https:\/\/eldiariodesanpedro.com.ar\/sitio\/un-hombre-resulto-herido-en-un-choque-entre-dos-autos-que-colisionaron-en-la-ruta-191\/","title":{"rendered":"Un hombre result\u00f3 herido en un choque entre dos autos que colisionaron en la Ruta 191"},"content":{"rendered":"<p><!-- VideographyWP Plugin Message: Automatic video embedding prevented by plugin options. --><br \/>\n  El incidente de tr\u00e1nsito ocurri\u00f3 el s\u00e1bado cerca de las 21 hs. en el km 12 de la arteria provincial, a pocos metros del puente de la Ruta 9.<\/p>\n<p>  Por causas que se tratan de establecer, colisionaron un autom\u00f3vil Renault 12 y un Fiat modelo Elba SCL, ambos conducidos por masculinos mayores de edad. En tanto que un tercero, un Ford Falc\u00f3n Color rojo, alcanz\u00f3 a esquivar el choque.<\/p>\n<p>  Como consecuencia de ello, el conductor del primer rodado fue trasladado en ambulancia al nosocomio local con traumatismo, mientras que los ocupantes del otro veh\u00edculo resultaron ilesos.<\/p>\n<p>  Personal policial a cargo del Comisario Inspector Fabi\u00e1n Gallo, trabajan en el lugar. Mientras que la divisi\u00f3n cient\u00edfica realiz\u00f3 los peritajes para establecer las responsabilidades en el siniestro.<\/p>\n","protected":false},"excerpt":{"rendered":"<p>El incidente de tr\u00e1nsito ocurri\u00f3 el s\u00e1bado cerca de las 21 hs. en el km 12 de la arteria provincial, a pocos metros del puente de la Ruta 9. Por causas que se tratan de establecer, colisionaron un autom\u00f3vil Renault 12 y un Fiat modelo Elba SCL, ambos conducidos por masculinos mayores de edad. En [&hellip;]<\/p>\n","protected":false},"author":4,"featured_media":16464,"comment_status":"open","ping_status":"closed","sticky":false,"template":"","format":"standard","meta":{"om_disable_all_campaigns":false,"_jetpack_memberships_contains_paid_content":false,"footnotes":""},"categories":[50,2,103],"tags":[],"class_list":["post-16463","post","type-post","status-publish","format-standard","has-post-thumbnail","hentry","category-destacadas","category-locales","category-policiales-locales"],"aioseo_notices":[],"gutentor_comment":0,"jetpack_featured_media_url":"https:\/\/eldiariodesanpedro.com.ar\/sitio\/wp-content\/uploads\/2017\/03\/El-siniestro-se-produjo-en-el-km.-12-de-la-Ruta-191.jpeg","jetpack_shortlink":"https:\/\/wp.me\/p6RhLt-4hx","jetpack_sharing_enabled":true,"_links":{"self":[{"href":"https:\/\/eldiariodesanpedro.com.ar\/sitio\/wp-json\/wp\/v2\/posts\/16463","targetHints":{"allow":["GET"]}}],"collection":[{"href":"https:\/\/eldiariodesanpedro.com.ar\/sitio\/wp-json\/wp\/v2\/posts"}],"about":[{"href":"https:\/\/eldiariodesanpedro.com.ar\/sitio\/wp-json\/wp\/v2\/types\/post"}],"author":[{"embeddable":true,"href":"https:\/\/eldiariodesanpedro.com.ar\/sitio\/wp-json\/wp\/v2\/users\/4"}],"replies":[{"embeddable":true,"href":"https:\/\/eldiariodesanpedro.com.ar\/sitio\/wp-json\/wp\/v2\/comments?post=16463"}],"version-history":[{"count":1,"href":"https:\/\/eldiariodesanpedro.com.ar\/sitio\/wp-json\/wp\/v2\/posts\/16463\/revisions"}],"predecessor-version":[{"id":16465,"href":"https:\/\/eldiariodesanpedro.com.ar\/sitio\/wp-json\/wp\/v2\/posts\/16463\/revisions\/16465"}],"wp:featuredmedia":[{"embeddable":true,"href":"https:\/\/eldiariodesanpedro.com.ar\/sitio\/wp-json\/wp\/v2\/media\/16464"}],"wp:attachment":[{"href":"https:\/\/eldiariodesanpedro.com.ar\/sitio\/wp-json\/wp\/v2\/media?parent=16463"}],"wp:term":[{"taxonomy":"category","embeddable":true,"href":"https:\/\/eldiariodesanpedro.com.ar\/sitio\/wp-json\/wp\/v2\/categories?post=16463"},{"taxonomy":"post_tag","embeddable":true,"href":"https:\/\/eldiariodesanpedro.com.ar\/sitio\/wp-json\/wp\/v2\/tags?post=16463"}],"curies":[{"name":"wp","href":"https:\/\/api.w.org\/{rel}","templated":true}]}}