{"id":16460,"date":"2017-03-25T19:31:28","date_gmt":"2017-03-25T22:31:28","guid":{"rendered":"https:\/\/eldiariodesanpedro.com.ar\/sitio\/?p=16460"},"modified":"2017-03-25T19:32:45","modified_gmt":"2017-03-25T22:32:45","slug":"ultimo-fin-de-semana-de-la-muestra-entre-sombras-y-colores","status":"publish","type":"post","link":"https:\/\/eldiariodesanpedro.com.ar\/sitio\/ultimo-fin-de-semana-de-la-muestra-entre-sombras-y-colores\/","title":{"rendered":"\u00daltimo fin de semana de la muestra  \u00abEntre sombras y colores\u00bb"},"content":{"rendered":"<p><!-- VideographyWP Plugin Message: Automatic video embedding prevented by plugin options. --><br \/>\nEl Museo Paleontol\u00f3gico invita a recorrer la muestra pict\u00f3rica \u00abEntre Sombras y Colores\u00bb, de la artista Maril\u00fa Gay\u00e1, en su \u00faltimo fin de semana.<br \/>\nLa colecci\u00f3n de 37 de sus mejores creaciones, realizadas en l\u00e1piz, \u00f3leo y acuarela, propone un recorrido por exquisitas obras que atesoran rostros, flores y bellos paisajes.<\/p>\n<p>\u201cEntre Sombras y Colores\u201d se puede disfrutar hasta el domingo 26, en los horarios habituales del Museo: martes y viernes, de 09 a 12 y de 15 a 18; s\u00e1bados y domingos de 09 a 12 y de 15 a 19 hs.<\/p>\n","protected":false},"excerpt":{"rendered":"<p>El Museo Paleontol\u00f3gico invita a recorrer la muestra pict\u00f3rica \u00abEntre Sombras y Colores\u00bb, de la artista Maril\u00fa Gay\u00e1, en su \u00faltimo fin de semana. La colecci\u00f3n de 37 de sus mejores creaciones, realizadas en l\u00e1piz, \u00f3leo y acuarela, propone un recorrido por exquisitas obras que atesoran rostros, flores y bellos paisajes. \u201cEntre Sombras y Colores\u201d [&hellip;]<\/p>\n","protected":false},"author":4,"featured_media":16462,"comment_status":"open","ping_status":"closed","sticky":false,"template":"","format":"standard","meta":{"om_disable_all_campaigns":false,"_jetpack_memberships_contains_paid_content":false,"footnotes":""},"categories":[101,2],"tags":[],"class_list":["post-16460","post","type-post","status-publish","format-standard","has-post-thumbnail","hentry","category-interes-general-locales","category-locales"],"aioseo_notices":[],"gutentor_comment":0,"jetpack_featured_media_url":"https:\/\/eldiariodesanpedro.com.ar\/sitio\/wp-content\/uploads\/2017\/03\/100_9301-e1490481144521.jpg","jetpack_shortlink":"https:\/\/wp.me\/p6RhLt-4hu","jetpack_sharing_enabled":true,"_links":{"self":[{"href":"https:\/\/eldiariodesanpedro.com.ar\/sitio\/wp-json\/wp\/v2\/posts\/16460","targetHints":{"allow":["GET"]}}],"collection":[{"href":"https:\/\/eldiariodesanpedro.com.ar\/sitio\/wp-json\/wp\/v2\/posts"}],"about":[{"href":"https:\/\/eldiariodesanpedro.com.ar\/sitio\/wp-json\/wp\/v2\/types\/post"}],"author":[{"embeddable":true,"href":"https:\/\/eldiariodesanpedro.com.ar\/sitio\/wp-json\/wp\/v2\/users\/4"}],"replies":[{"embeddable":true,"href":"https:\/\/eldiariodesanpedro.com.ar\/sitio\/wp-json\/wp\/v2\/comments?post=16460"}],"version-history":[{"count":1,"href":"https:\/\/eldiariodesanpedro.com.ar\/sitio\/wp-json\/wp\/v2\/posts\/16460\/revisions"}],"predecessor-version":[{"id":16461,"href":"https:\/\/eldiariodesanpedro.com.ar\/sitio\/wp-json\/wp\/v2\/posts\/16460\/revisions\/16461"}],"wp:featuredmedia":[{"embeddable":true,"href":"https:\/\/eldiariodesanpedro.com.ar\/sitio\/wp-json\/wp\/v2\/media\/16462"}],"wp:attachment":[{"href":"https:\/\/eldiariodesanpedro.com.ar\/sitio\/wp-json\/wp\/v2\/media?parent=16460"}],"wp:term":[{"taxonomy":"category","embeddable":true,"href":"https:\/\/eldiariodesanpedro.com.ar\/sitio\/wp-json\/wp\/v2\/categories?post=16460"},{"taxonomy":"post_tag","embeddable":true,"href":"https:\/\/eldiariodesanpedro.com.ar\/sitio\/wp-json\/wp\/v2\/tags?post=16460"}],"curies":[{"name":"wp","href":"https:\/\/api.w.org\/{rel}","templated":true}]}}