{"id":16455,"date":"2017-03-25T18:29:59","date_gmt":"2017-03-25T21:29:59","guid":{"rendered":"https:\/\/eldiariodesanpedro.com.ar\/sitio\/?p=16455"},"modified":"2017-03-25T18:29:59","modified_gmt":"2017-03-25T21:29:59","slug":"se-realizo-la-marcha-y-el-acto-por-el-dia-de-la-memoria","status":"publish","type":"post","link":"https:\/\/eldiariodesanpedro.com.ar\/sitio\/se-realizo-la-marcha-y-el-acto-por-el-dia-de-la-memoria\/","title":{"rendered":"Se realiz\u00f3 la marcha y el acto por el D\u00eda de la Memoria"},"content":{"rendered":"<p><!-- VideographyWP Plugin Message: Automatic video embedding prevented by plugin options. --><br \/>\nLa convocatoria se llev\u00f3 en la Plaza Belgrano y luego de las 19 hs. de la tarde de ayer  comenz\u00f3 la marcha por calle Belgrano, luego de tomar Bv. Moreno doblaron por calle Mitre. Tras atravesar la zona c\u00e9ntrica de la ciudad, se dirigieron a la Plazoleta Fray Cayetano Rodr\u00edguez en donde se llev\u00f3 a cabo el acto.<\/p>\n<p>All\u00edm Pilar Baraybar y Juli\u00e1n Oviedo dieron lectura al documento, denominado  \u201cpor 41 a\u00f1os de lucha de memoria y militancia. Sin derechos no hay democracia\u201d elaborado por la Memoria, Verdad y Justicia de San Pedro.  <\/p>\n<p>En principio con una fuerte cr\u00edtica hacia el Gobierno de Macri, ambos se\u00f1alaron: \u201cSe ha restaurado la corriente de ideas de intereses en contra de minor\u00edas derrotadas que traban el desarrollo de la fuerza productiva explotan el pueblo y disgregan la naci\u00f3n\u201d.<\/p>\n<p>\u201cEl encarcelamiento a Milagros Salas, los despidos, la persecuci\u00f3n de la militancia, los planes sociales desarmados, los impuestos, los tarifazos, las leyes del Congreso en contra del pueblo y los pobres en general son los hechos de un gobierno  anti obrero, liberal y reaccionario que nos convoca a defender la democracia todos los d\u00edas en la casa y en las plazas del pa\u00eds\u201d, sostuvieron luego y agregaron: \u201cDefendemos la democracia compa\u00f1\u00eda de los trabajadores despedidos y a los jubilados que cobran una miseria y a los miles de pobre que aumentan sin cesar\u201d.<\/p>\n<p>\u201cM\u00e1s all\u00e1 de los errores cometidos por el gobierno anterior este ha profundizado sin disimulo un alineamiento hacia pol\u00edticas econ\u00f3micas que ya fracasaron aqu\u00ed con Menem, De la R\u00faa y con Caballo\u201d.<\/p>\n<p>Seguidamente, en representaci\u00f3n de los participantes, afirmaron: \u201cEstamos ac\u00e1 porque nos identificamos con las organizaciones de Derechos Humanos y porque hay que poner el cuerpo en este momento m\u00e1s que nunca\u201d.<\/p>\n<p>\u201cEstamos ac\u00e1 por el homenaje los 30.000 desaparecidos y porque nunca m\u00e1s una dictadura y un gobierno autoritario que nos imponga pol\u00edticas que comprometan la libertad y que imponga causas armadas para justificar alteraciones torturas censuras\u201d dijeron seguidamente.<\/p>\n<p>\u201cY si quieres discutir el n\u00famero que nos digan d\u00f3nde est\u00e1n los cientos de nietos que faltan recuperar, que nos digan quienes fueron los que tiraron miles de cuerpos al mar y al r\u00edo de La Plata y que nos diga d\u00f3nde est\u00e1n los cuerpos de los que fusilaron quemaron y desaparecieron trabajando en com\u00fan con las dictaduras chile Uruguay y Brasil y Paraguay\u201d.<\/p>\n<p>\u201cEstamos ac\u00e1 para que contin\u00fae el juicio de los genocidas, incluyendo el general C\u00e9sar Milani, para que sepa qui\u00e9n mat\u00f3 al obispo Ponce de Le\u00f3n, para que se condenen a los c\u00f3mplices eclesi\u00e1sticos y civiles que colaboraron con la prosecuci\u00f3n tortura y Exterminio de los compa\u00f1eros\u201d, aseguraron.<br \/>\n\u201cDesde hace 40 a\u00f1os las Madres de Plaza de Mayo nos marcaron un camino son un ejemplo para el mundo entero y trataremos de mantener su lucha, qu\u00e9 es la nuestra y que seguramente tendr\u00e1 continuidad estos j\u00f3venes que no se empujan a seguir levantando las banderas\u201d, dijeron tambi\u00e9n.<\/p>\n<p>Por \u00faltimo manifestaron: \u201c30.000 desaparecidos que los empujan a seguir denunciando que el hambre y la falta de trabajo son cr\u00edmenes y que seguir\u00e1 ardiendo su memoria hasta que todo sea como lo so\u00f1aron y como lo so\u00f1amos\u201d.<\/p>\n<p>En tanto que en el d\u00eda de hoy las actividades continuar\u00e1n en la Plazoleta de las Madres (9 de Julio y Jos\u00e9 Hern\u00e1ndez). A partir de las 17 hs. se llevar\u00e1n a cabo diversas actividades culturales. <\/p>\n","protected":false},"excerpt":{"rendered":"<p>La convocatoria se llev\u00f3 en la Plaza Belgrano y luego de las 19 hs. de la tarde de ayer comenz\u00f3 la marcha por calle Belgrano, luego de tomar Bv. Moreno doblaron por calle Mitre. Tras atravesar la zona c\u00e9ntrica de la ciudad, se dirigieron a la Plazoleta Fray Cayetano Rodr\u00edguez en donde se llev\u00f3 a [&hellip;]<\/p>\n","protected":false},"author":4,"featured_media":16456,"comment_status":"open","ping_status":"closed","sticky":false,"template":"","format":"standard","meta":{"om_disable_all_campaigns":false,"_jetpack_memberships_contains_paid_content":false,"footnotes":""},"categories":[50,101,2],"tags":[],"class_list":["post-16455","post","type-post","status-publish","format-standard","has-post-thumbnail","hentry","category-destacadas","category-interes-general-locales","category-locales"],"aioseo_notices":[],"gutentor_comment":0,"jetpack_featured_media_url":"https:\/\/eldiariodesanpedro.com.ar\/sitio\/wp-content\/uploads\/2017\/03\/DSC_0062-e1490477382438.jpg","jetpack_shortlink":"https:\/\/wp.me\/p6RhLt-4hp","jetpack_sharing_enabled":true,"_links":{"self":[{"href":"https:\/\/eldiariodesanpedro.com.ar\/sitio\/wp-json\/wp\/v2\/posts\/16455","targetHints":{"allow":["GET"]}}],"collection":[{"href":"https:\/\/eldiariodesanpedro.com.ar\/sitio\/wp-json\/wp\/v2\/posts"}],"about":[{"href":"https:\/\/eldiariodesanpedro.com.ar\/sitio\/wp-json\/wp\/v2\/types\/post"}],"author":[{"embeddable":true,"href":"https:\/\/eldiariodesanpedro.com.ar\/sitio\/wp-json\/wp\/v2\/users\/4"}],"replies":[{"embeddable":true,"href":"https:\/\/eldiariodesanpedro.com.ar\/sitio\/wp-json\/wp\/v2\/comments?post=16455"}],"version-history":[{"count":1,"href":"https:\/\/eldiariodesanpedro.com.ar\/sitio\/wp-json\/wp\/v2\/posts\/16455\/revisions"}],"predecessor-version":[{"id":16457,"href":"https:\/\/eldiariodesanpedro.com.ar\/sitio\/wp-json\/wp\/v2\/posts\/16455\/revisions\/16457"}],"wp:featuredmedia":[{"embeddable":true,"href":"https:\/\/eldiariodesanpedro.com.ar\/sitio\/wp-json\/wp\/v2\/media\/16456"}],"wp:attachment":[{"href":"https:\/\/eldiariodesanpedro.com.ar\/sitio\/wp-json\/wp\/v2\/media?parent=16455"}],"wp:term":[{"taxonomy":"category","embeddable":true,"href":"https:\/\/eldiariodesanpedro.com.ar\/sitio\/wp-json\/wp\/v2\/categories?post=16455"},{"taxonomy":"post_tag","embeddable":true,"href":"https:\/\/eldiariodesanpedro.com.ar\/sitio\/wp-json\/wp\/v2\/tags?post=16455"}],"curies":[{"name":"wp","href":"https:\/\/api.w.org\/{rel}","templated":true}]}}